{"id":17400,"date":"2022-10-01T09:51:00","date_gmt":"2022-10-01T07:51:00","guid":{"rendered":"https:\/\/sefiro.de\/?p=17400"},"modified":"2022-11-29T10:01:00","modified_gmt":"2022-11-29T09:01:00","slug":"globaler-standard-zur-berechnung-des-co2-fussabdrucks-von-produkten","status":"publish","type":"post","link":"https:\/\/sefiro.de\/en\/2022\/10\/01\/globaler-standard-zur-berechnung-des-co2-fussabdrucks-von-produkten\/","title":{"rendered":"Globaler Standard zur Berechnung des CO<sub>2<\/sub>-Fu\u00dfabdrucks von Produkten"},"content":{"rendered":"<div data-elementor-type=\"wp-post\" data-elementor-id=\"17400\" class=\"elementor elementor-17400\">\n\t\t\t\t\t\t\t\t\t<section class=\"elementor-section elementor-top-section elementor-element elementor-element-76a9207 elementor-section-boxed elementor-section-height-default elementor-section-height-default\" data-id=\"76a9207\" data-element_type=\"section\">\n\t\t\t\t\t\t<div class=\"elementor-container elementor-column-gap-default\">\n\t\t\t\t\t<div class=\"elementor-column elementor-col-100 elementor-top-column elementor-element elementor-element-89a603e\" data-id=\"89a603e\" data-element_type=\"column\">\n\t\t\t<div class=\"elementor-widget-wrap elementor-element-populated\">\n\t\t\t\t\t\t\t\t<div class=\"elementor-element elementor-element-17d4cd2d elementor-widget elementor-widget-text-editor\" data-id=\"17d4cd2d\" data-element_type=\"widget\" data-widget_type=\"text-editor.default\">\n\t\t\t\t<div class=\"elementor-widget-container\">\n\t\t\t\t\t\t\t<p><!-- wp:paragraph --><\/p><p>In der Nachhaltigkeitsbewertung von Produkten ist der CO<sub>2<\/sub>-Fu\u00dfabdruck ein wesentlicher Bestandteil, weshalb die Initiative \u201eTogether f\u00fcr Sustainability\u201c (TfS) einen weltweit einheitlichen Leitfaden zur Berechnung des Product Carbon Footprints (PCFs) erstellt hat.<\/p><p>Mit spezifischen Berechnungsanweisungen und harmonisierten Berechnungsans\u00e4tzen ist der Leitfaden f\u00fcr den \u00fcberwiegenden Teil von chemischen Produkten\/Stoffen anwendbar.<\/p><p>\u00a0<\/p><p><!-- \/wp:paragraph --><!-- wp:paragraph --><!-- \/wp:paragraph --><\/p>\t\t\t\t\t\t<\/div>\n\t\t\t\t<\/div>\n\t\t\t\t\t<\/div>\n\t\t<\/div>\n\t\t\t\t\t\t\t<\/div>\n\t\t<\/section>\n\t\t\t\t\t\t\t<\/div>","protected":false},"excerpt":{"rendered":"<p>In der Nachhaltigkeitsbewertung von Produkten ist der CO2-Fu\u00dfabdruck ein wesentlicher Bestandteil, weshalb die Initiative \u201eTogether f\u00fcr Sustainability\u201c (TfS) einen weltweit einheitlichen Leitfaden zur Berechnung des Product Carbon Footprints (PCFs) erstellt hat. Mit spezifischen Berechnungsanweisungen und harmonisierten Berechnungsans\u00e4tzen ist der Leitfaden f\u00fcr den \u00fcberwiegenden Teil von chemischen Produkten\/Stoffen anwendbar. \u00a0<\/p>","protected":false},"author":3,"featured_media":2376,"comment_status":"closed","ping_status":"closed","sticky":false,"template":"","format":"standard","meta":{"footnotes":""},"categories":[110,92],"tags":[],"class_list":["post-17400","post","type-post","status-publish","format-standard","has-post-thumbnail","hentry","category-news-nachhaltigkeit-konsumgueter","category-news"],"yoast_head":"<!-- This site is optimized with the Yoast SEO plugin v20.7 - https:\/\/yoast.com\/wordpress\/plugins\/seo\/ -->\n<title>Globaler Standard zur Berechnung des CO2-Fu\u00dfabdrucks von Produkten &ndash; SEFIRO GROUP<\/title>\n<meta name=\"robots\" content=\"index, follow, max-snippet:-1, max-image-preview:large, max-video-preview:-1\" \/>\n<link rel=\"canonical\" href=\"https:\/\/sefiro.de\/en\/2022\/10\/01\/globaler-standard-zur-berechnung-des-co2-fussabdrucks-von-produkten\/\" \/>\n<meta property=\"og:locale\" content=\"en_GB\" \/>\n<meta property=\"og:type\" content=\"article\" \/>\n<meta property=\"og:title\" content=\"Globaler Standard zur Berechnung des CO2-Fu\u00dfabdrucks von Produkten &ndash; SEFIRO GROUP\" \/>\n<meta property=\"og:description\" content=\"In der Nachhaltigkeitsbewertung von Produkten ist der CO2-Fu\u00dfabdruck ein wesentlicher Bestandteil, weshalb die Initiative \u201eTogether f\u00fcr Sustainability\u201c (TfS) einen weltweit einheitlichen Leitfaden zur Berechnung des Product Carbon Footprints (PCFs) erstellt hat. Mit spezifischen Berechnungsanweisungen und harmonisierten Berechnungsans\u00e4tzen ist der Leitfaden f\u00fcr den \u00fcberwiegenden Teil von chemischen Produkten\/Stoffen anwendbar. \u00a0\" \/>\n<meta property=\"og:url\" content=\"https:\/\/sefiro.de\/en\/2022\/10\/01\/globaler-standard-zur-berechnung-des-co2-fussabdrucks-von-produkten\/\" \/>\n<meta property=\"og:site_name\" content=\"SEFIRO GROUP\" \/>\n<meta property=\"article:published_time\" content=\"2022-10-01T07:51:00+00:00\" \/>\n<meta property=\"article:modified_time\" content=\"2022-11-29T09:01:00+00:00\" \/>\n<meta property=\"og:image\" content=\"https:\/\/sefiro.de\/wp-content\/uploads\/2021\/07\/meadow-4485609_1920.jpg\" \/>\n\t<meta property=\"og:image:width\" content=\"1920\" \/>\n\t<meta property=\"og:image:height\" content=\"1280\" \/>\n\t<meta property=\"og:image:type\" content=\"image\/jpeg\" \/>\n<meta name=\"author\" content=\"Julia Rau\" \/>\n<meta name=\"twitter:card\" content=\"summary_large_image\" \/>\n<meta name=\"twitter:label1\" content=\"Written by\" \/>\n\t<meta name=\"twitter:data1\" content=\"Julia Rau\" \/>\n\t<meta name=\"twitter:label2\" content=\"Estimated reading time\" \/>\n\t<meta name=\"twitter:data2\" content=\"1 minute\" \/>\n<script type=\"application\/ld+json\" class=\"yoast-schema-graph\">{\"@context\":\"https:\/\/schema.org\",\"@graph\":[{\"@type\":\"Article\",\"@id\":\"https:\/\/sefiro.de\/2022\/10\/01\/globaler-standard-zur-berechnung-des-co2-fussabdrucks-von-produkten\/#article\",\"isPartOf\":{\"@id\":\"https:\/\/sefiro.de\/2022\/10\/01\/globaler-standard-zur-berechnung-des-co2-fussabdrucks-von-produkten\/\"},\"author\":{\"name\":\"Julia Rau\",\"@id\":\"https:\/\/sefiro.de\/#\/schema\/person\/8fae18c4eb743ab18f99d206493eb009\"},\"headline\":\"Globaler Standard zur Berechnung des CO2-Fu\u00dfabdrucks von Produkten\",\"datePublished\":\"2022-10-01T07:51:00+00:00\",\"dateModified\":\"2022-11-29T09:01:00+00:00\",\"mainEntityOfPage\":{\"@id\":\"https:\/\/sefiro.de\/2022\/10\/01\/globaler-standard-zur-berechnung-des-co2-fussabdrucks-von-produkten\/\"},\"wordCount\":64,\"publisher\":{\"@id\":\"https:\/\/sefiro.de\/#organization\"},\"articleSection\":[\"Nachhaltigkeit Konsumg\u00fcter\",\"News\"],\"inLanguage\":\"en-GB\"},{\"@type\":\"WebPage\",\"@id\":\"https:\/\/sefiro.de\/2022\/10\/01\/globaler-standard-zur-berechnung-des-co2-fussabdrucks-von-produkten\/\",\"url\":\"https:\/\/sefiro.de\/2022\/10\/01\/globaler-standard-zur-berechnung-des-co2-fussabdrucks-von-produkten\/\",\"name\":\"Globaler Standard zur Berechnung des CO2-Fu\u00dfabdrucks von Produkten &ndash; SEFIRO GROUP\",\"isPartOf\":{\"@id\":\"https:\/\/sefiro.de\/#website\"},\"datePublished\":\"2022-10-01T07:51:00+00:00\",\"dateModified\":\"2022-11-29T09:01:00+00:00\",\"breadcrumb\":{\"@id\":\"https:\/\/sefiro.de\/2022\/10\/01\/globaler-standard-zur-berechnung-des-co2-fussabdrucks-von-produkten\/#breadcrumb\"},\"inLanguage\":\"en-GB\",\"potentialAction\":[{\"@type\":\"ReadAction\",\"target\":[\"https:\/\/sefiro.de\/2022\/10\/01\/globaler-standard-zur-berechnung-des-co2-fussabdrucks-von-produkten\/\"]}]},{\"@type\":\"BreadcrumbList\",\"@id\":\"https:\/\/sefiro.de\/2022\/10\/01\/globaler-standard-zur-berechnung-des-co2-fussabdrucks-von-produkten\/#breadcrumb\",\"itemListElement\":[{\"@type\":\"ListItem\",\"position\":1,\"name\":\"Home\",\"item\":\"https:\/\/sefiro.de\/\"},{\"@type\":\"ListItem\",\"position\":2,\"name\":\"Globaler Standard zur Berechnung des CO2-Fu\u00dfabdrucks von Produkten\"}]},{\"@type\":\"WebSite\",\"@id\":\"https:\/\/sefiro.de\/#website\",\"url\":\"https:\/\/sefiro.de\/\",\"name\":\"SEFIRO GROUP\",\"description\":\"Qualit\u00e4t und Sicherheit\",\"publisher\":{\"@id\":\"https:\/\/sefiro.de\/#organization\"},\"potentialAction\":[{\"@type\":\"SearchAction\",\"target\":{\"@type\":\"EntryPoint\",\"urlTemplate\":\"https:\/\/sefiro.de\/?s={search_term_string}\"},\"query-input\":\"required name=search_term_string\"}],\"inLanguage\":\"en-GB\"},{\"@type\":\"Organization\",\"@id\":\"https:\/\/sefiro.de\/#organization\",\"name\":\"SEFIRO GROUP\",\"url\":\"https:\/\/sefiro.de\/\",\"logo\":{\"@type\":\"ImageObject\",\"inLanguage\":\"en-GB\",\"@id\":\"https:\/\/sefiro.de\/#\/schema\/logo\/image\/\",\"url\":\"https:\/\/sefiro.de\/wp-content\/uploads\/2021\/04\/SEFIRO_Logo_Group_4C_Final_21-12_WEB.jpg\",\"contentUrl\":\"https:\/\/sefiro.de\/wp-content\/uploads\/2021\/04\/SEFIRO_Logo_Group_4C_Final_21-12_WEB.jpg\",\"width\":1012,\"height\":454,\"caption\":\"SEFIRO GROUP\"},\"image\":{\"@id\":\"https:\/\/sefiro.de\/#\/schema\/logo\/image\/\"}},{\"@type\":\"Person\",\"@id\":\"https:\/\/sefiro.de\/#\/schema\/person\/8fae18c4eb743ab18f99d206493eb009\",\"name\":\"Julia Rau\",\"image\":{\"@type\":\"ImageObject\",\"inLanguage\":\"en-GB\",\"@id\":\"https:\/\/sefiro.de\/#\/schema\/person\/image\/\",\"url\":\"https:\/\/secure.gravatar.com\/avatar\/07a2e132bd3c82222edbec571358df131f0a750ff3b5a6c1963d0a05db716d0e?s=96&d=mm&r=g\",\"contentUrl\":\"https:\/\/secure.gravatar.com\/avatar\/07a2e132bd3c82222edbec571358df131f0a750ff3b5a6c1963d0a05db716d0e?s=96&d=mm&r=g\",\"caption\":\"Julia Rau\"}}]}<\/script>\n<!-- \/ Yoast SEO plugin. -->","yoast_head_json":{"title":"Globaler Standard zur Berechnung des CO2-Fu\u00dfabdrucks von Produkten &ndash; SEFIRO GROUP","robots":{"index":"index","follow":"follow","max-snippet":"max-snippet:-1","max-image-preview":"max-image-preview:large","max-video-preview":"max-video-preview:-1"},"canonical":"https:\/\/sefiro.de\/en\/2022\/10\/01\/globaler-standard-zur-berechnung-des-co2-fussabdrucks-von-produkten\/","og_locale":"en_GB","og_type":"article","og_title":"Globaler Standard zur Berechnung des CO2-Fu\u00dfabdrucks von Produkten &ndash; SEFIRO GROUP","og_description":"In der Nachhaltigkeitsbewertung von Produkten ist der CO2-Fu\u00dfabdruck ein wesentlicher Bestandteil, weshalb die Initiative \u201eTogether f\u00fcr Sustainability\u201c (TfS) einen weltweit einheitlichen Leitfaden zur Berechnung des Product Carbon Footprints (PCFs) erstellt hat. Mit spezifischen Berechnungsanweisungen und harmonisierten Berechnungsans\u00e4tzen ist der Leitfaden f\u00fcr den \u00fcberwiegenden Teil von chemischen Produkten\/Stoffen anwendbar. \u00a0","og_url":"https:\/\/sefiro.de\/en\/2022\/10\/01\/globaler-standard-zur-berechnung-des-co2-fussabdrucks-von-produkten\/","og_site_name":"SEFIRO GROUP","article_published_time":"2022-10-01T07:51:00+00:00","article_modified_time":"2022-11-29T09:01:00+00:00","og_image":[{"width":1920,"height":1280,"url":"https:\/\/sefiro.de\/wp-content\/uploads\/2021\/07\/meadow-4485609_1920.jpg","type":"image\/jpeg"}],"author":"Julia Rau","twitter_card":"summary_large_image","twitter_misc":{"Written by":"Julia Rau","Estimated reading time":"1 minute"},"schema":{"@context":"https:\/\/schema.org","@graph":[{"@type":"Article","@id":"https:\/\/sefiro.de\/2022\/10\/01\/globaler-standard-zur-berechnung-des-co2-fussabdrucks-von-produkten\/#article","isPartOf":{"@id":"https:\/\/sefiro.de\/2022\/10\/01\/globaler-standard-zur-berechnung-des-co2-fussabdrucks-von-produkten\/"},"author":{"name":"Julia Rau","@id":"https:\/\/sefiro.de\/#\/schema\/person\/8fae18c4eb743ab18f99d206493eb009"},"headline":"Globaler Standard zur Berechnung des CO2-Fu\u00dfabdrucks von Produkten","datePublished":"2022-10-01T07:51:00+00:00","dateModified":"2022-11-29T09:01:00+00:00","mainEntityOfPage":{"@id":"https:\/\/sefiro.de\/2022\/10\/01\/globaler-standard-zur-berechnung-des-co2-fussabdrucks-von-produkten\/"},"wordCount":64,"publisher":{"@id":"https:\/\/sefiro.de\/#organization"},"articleSection":["Nachhaltigkeit Konsumg\u00fcter","News"],"inLanguage":"en-GB"},{"@type":"WebPage","@id":"https:\/\/sefiro.de\/2022\/10\/01\/globaler-standard-zur-berechnung-des-co2-fussabdrucks-von-produkten\/","url":"https:\/\/sefiro.de\/2022\/10\/01\/globaler-standard-zur-berechnung-des-co2-fussabdrucks-von-produkten\/","name":"Globaler Standard zur Berechnung des CO2-Fu\u00dfabdrucks von Produkten &ndash; SEFIRO GROUP","isPartOf":{"@id":"https:\/\/sefiro.de\/#website"},"datePublished":"2022-10-01T07:51:00+00:00","dateModified":"2022-11-29T09:01:00+00:00","breadcrumb":{"@id":"https:\/\/sefiro.de\/2022\/10\/01\/globaler-standard-zur-berechnung-des-co2-fussabdrucks-von-produkten\/#breadcrumb"},"inLanguage":"en-GB","potentialAction":[{"@type":"ReadAction","target":["https:\/\/sefiro.de\/2022\/10\/01\/globaler-standard-zur-berechnung-des-co2-fussabdrucks-von-produkten\/"]}]},{"@type":"BreadcrumbList","@id":"https:\/\/sefiro.de\/2022\/10\/01\/globaler-standard-zur-berechnung-des-co2-fussabdrucks-von-produkten\/#breadcrumb","itemListElement":[{"@type":"ListItem","position":1,"name":"Home","item":"https:\/\/sefiro.de\/"},{"@type":"ListItem","position":2,"name":"Globaler Standard zur Berechnung des CO2-Fu\u00dfabdrucks von Produkten"}]},{"@type":"WebSite","@id":"https:\/\/sefiro.de\/#website","url":"https:\/\/sefiro.de\/","name":"SEFIRO GROUP","description":"Qualit\u00e4t und Sicherheit","publisher":{"@id":"https:\/\/sefiro.de\/#organization"},"potentialAction":[{"@type":"SearchAction","target":{"@type":"EntryPoint","urlTemplate":"https:\/\/sefiro.de\/?s={search_term_string}"},"query-input":"required name=search_term_string"}],"inLanguage":"en-GB"},{"@type":"Organization","@id":"https:\/\/sefiro.de\/#organization","name":"SEFIRO GROUP","url":"https:\/\/sefiro.de\/","logo":{"@type":"ImageObject","inLanguage":"en-GB","@id":"https:\/\/sefiro.de\/#\/schema\/logo\/image\/","url":"https:\/\/sefiro.de\/wp-content\/uploads\/2021\/04\/SEFIRO_Logo_Group_4C_Final_21-12_WEB.jpg","contentUrl":"https:\/\/sefiro.de\/wp-content\/uploads\/2021\/04\/SEFIRO_Logo_Group_4C_Final_21-12_WEB.jpg","width":1012,"height":454,"caption":"SEFIRO GROUP"},"image":{"@id":"https:\/\/sefiro.de\/#\/schema\/logo\/image\/"}},{"@type":"Person","@id":"https:\/\/sefiro.de\/#\/schema\/person\/8fae18c4eb743ab18f99d206493eb009","name":"Julia Rau","image":{"@type":"ImageObject","inLanguage":"en-GB","@id":"https:\/\/sefiro.de\/#\/schema\/person\/image\/","url":"https:\/\/secure.gravatar.com\/avatar\/07a2e132bd3c82222edbec571358df131f0a750ff3b5a6c1963d0a05db716d0e?s=96&d=mm&r=g","contentUrl":"https:\/\/secure.gravatar.com\/avatar\/07a2e132bd3c82222edbec571358df131f0a750ff3b5a6c1963d0a05db716d0e?s=96&d=mm&r=g","caption":"Julia Rau"}}]}},"jetpack_featured_media_url":"https:\/\/sefiro.de\/wp-content\/uploads\/2021\/07\/meadow-4485609_1920.jpg","_links":{"self":[{"href":"https:\/\/sefiro.de\/en\/wp-json\/wp\/v2\/posts\/17400","targetHints":{"allow":["GET"]}}],"collection":[{"href":"https:\/\/sefiro.de\/en\/wp-json\/wp\/v2\/posts"}],"about":[{"href":"https:\/\/sefiro.de\/en\/wp-json\/wp\/v2\/types\/post"}],"author":[{"embeddable":true,"href":"https:\/\/sefiro.de\/en\/wp-json\/wp\/v2\/users\/3"}],"replies":[{"embeddable":true,"href":"https:\/\/sefiro.de\/en\/wp-json\/wp\/v2\/comments?post=17400"}],"version-history":[{"count":6,"href":"https:\/\/sefiro.de\/en\/wp-json\/wp\/v2\/posts\/17400\/revisions"}],"predecessor-version":[{"id":17413,"href":"https:\/\/sefiro.de\/en\/wp-json\/wp\/v2\/posts\/17400\/revisions\/17413"}],"wp:featuredmedia":[{"embeddable":true,"href":"https:\/\/sefiro.de\/en\/wp-json\/wp\/v2\/media\/2376"}],"wp:attachment":[{"href":"https:\/\/sefiro.de\/en\/wp-json\/wp\/v2\/media?parent=17400"}],"wp:term":[{"taxonomy":"category","embeddable":true,"href":"https:\/\/sefiro.de\/en\/wp-json\/wp\/v2\/categories?post=17400"},{"taxonomy":"post_tag","embeddable":true,"href":"https:\/\/sefiro.de\/en\/wp-json\/wp\/v2\/tags?post=17400"}],"curies":[{"name":"wp","href":"https:\/\/api.w.org\/{rel}","templated":true}]}}