{"id":17461,"date":"2022-07-05T13:19:00","date_gmt":"2022-07-05T11:19:00","guid":{"rendered":"https:\/\/sefiro.de\/?p=17461"},"modified":"2022-12-19T13:44:38","modified_gmt":"2022-12-19T12:44:38","slug":"blausaeure-hoechstgehalte-in-bestimmten-lebensmitteln","status":"publish","type":"post","link":"https:\/\/sefiro.de\/en\/2022\/07\/05\/blausaeure-hoechstgehalte-in-bestimmten-lebensmitteln\/","title":{"rendered":"Blaus\u00e4ure H\u00f6chstgehalte in bestimmten Lebensmitteln"},"content":{"rendered":"<div data-elementor-type=\"wp-post\" data-elementor-id=\"17461\" class=\"elementor elementor-17461\">\n\t\t\t\t\t\t\t\t\t<section class=\"elementor-section elementor-top-section elementor-element elementor-element-219f7f3 elementor-section-boxed elementor-section-height-default elementor-section-height-default\" data-id=\"219f7f3\" data-element_type=\"section\">\n\t\t\t\t\t\t<div class=\"elementor-container elementor-column-gap-default\">\n\t\t\t\t\t<div class=\"elementor-column elementor-col-100 elementor-top-column elementor-element elementor-element-2c14b1f\" data-id=\"2c14b1f\" data-element_type=\"column\">\n\t\t\t<div class=\"elementor-widget-wrap elementor-element-populated\">\n\t\t\t\t\t\t\t\t<div class=\"elementor-element elementor-element-30b22059 elementor-widget elementor-widget-text-editor\" data-id=\"30b22059\" data-element_type=\"widget\" data-widget_type=\"text-editor.default\">\n\t\t\t\t<div class=\"elementor-widget-container\">\n\t\t\t\t\t\t\t<p>Mit der Verordnung (EU) 2022\/1364 werden neue H\u00f6chstgehalte f\u00fcr Blaus\u00e4ure in bestimmten Lebensmitteln in die Verordnung (EG) Nr. 1881\/2006 aufgenommen (Amtsblatt L205 vom 05.07.2022).<\/p><p>Die H\u00f6chstgehalte f\u00fcr beziehen auch die in cyanogenen Glykosiden gebundene Blaus\u00e4ure mit ein.<\/p><p>Beim Verzehr bestimmter Lebensmittel mit hohen Gehalten an cyanogenen Glykosiden, wie z.B. Leinsamen, Mandeln oder Maniok, k\u00f6nnte die akute Referenzdosis (ARfD 20 \u00b5g\/k K\u00f6rpergewicht) f\u00fcr Cyanid \u00fcberschritten werden.<\/p><p>Daher wurden folgende H\u00f6chstgehalte festgelegt:<\/p><p><img loading=\"lazy\" decoding=\"async\" class=\"alignnone size-full wp-image-17464\" src=\"https:\/\/sefiro.de\/wp-content\/uploads\/2022\/12\/Tabelle-News-12-22_2.jpg\" alt=\"\" width=\"621\" height=\"305\" srcset=\"https:\/\/sefiro.de\/wp-content\/uploads\/2022\/12\/Tabelle-News-12-22_2.jpg 621w, https:\/\/sefiro.de\/wp-content\/uploads\/2022\/12\/Tabelle-News-12-22_2-300x147.jpg 300w, https:\/\/sefiro.de\/wp-content\/uploads\/2022\/12\/Tabelle-News-12-22_2-18x9.jpg 18w, https:\/\/sefiro.de\/wp-content\/uploads\/2022\/12\/Tabelle-News-12-22_2-600x295.jpg 600w\" sizes=\"auto, (max-width: 621px) 100vw, 621px\" \/><\/p><p><img loading=\"lazy\" decoding=\"async\" class=\"alignnone size-full wp-image-17465\" src=\"https:\/\/sefiro.de\/wp-content\/uploads\/2022\/12\/Tabelle-News-12-22_3.jpg\" alt=\"\" width=\"612\" height=\"299\" srcset=\"https:\/\/sefiro.de\/wp-content\/uploads\/2022\/12\/Tabelle-News-12-22_3.jpg 612w, https:\/\/sefiro.de\/wp-content\/uploads\/2022\/12\/Tabelle-News-12-22_3-300x147.jpg 300w, https:\/\/sefiro.de\/wp-content\/uploads\/2022\/12\/Tabelle-News-12-22_3-18x9.jpg 18w, https:\/\/sefiro.de\/wp-content\/uploads\/2022\/12\/Tabelle-News-12-22_3-600x293.jpg 600w\" sizes=\"auto, (max-width: 612px) 100vw, 612px\" \/><\/p><p>\u00a0<\/p><p>*&#8221;<em>Der H\u00f6chstgehalt gilt nicht f\u00fcr unverarbeitete ganze, geriebene, gemahlene, geknackte oder gehackte Leinsamen und unverarbeitete ganze, geriebene, gemahlene, geknackte, oder gehackte Bittermandeln, die in kleinen Mengen f\u00fcr den Endverbraucher in Verkehr gebracht werden, wenn der Warnhinweis \u201aNur zum Kochen und Backen verwenden. Nicht roh verzehren!\u2018 im Hauptsichtfeld (Frontetikett) vorhanden ist (es ist die in Artikel 13 Absatz 2 der Verordnung (EU) Nr. 1169\/2011 des Europ\u00e4ischen Parlaments und des Rates vom 25. Oktober 2011 betreffend die Information der Verbraucher \u00fcber Lebensmittel (ABl. L 304 vom 22.11.2011, S. 18) vorgeschriebene Schriftgr\u00f6\u00dfe zu verwenden). Die unverarbeiteten ganzen, geriebenen, gemahlenen, geknackten oder gehackten Leinsamen mit diesem Warnhinweis m\u00fcssen dem in 8.3.1 festgelegten H\u00f6chstgehalt entsprechen.\u201c<\/em><\/p><p>Die Verordnung (EU) 2022\/1364 tritt am 25. August in Kraft und gilt ab dem 1. Januar 2023.<\/p><p>\u00a0<\/p><p><strong>Weiterf\u00fchrende Links:<\/strong><\/p><p>Das Amtsblatt L205 finden Sie hier: <a href=\"https:\/\/eur-lex.europa.eu\/legal-content\/DE\/TXT\/?uri=OJ:L:2022:205:TOC\" target=\"_blank\" rel=\"noopener\">https:\/\/eur-lex.europa.eu\/legal-content\/DE\/TXT\/?uri=OJ:L:2022:205:TOC<\/a><\/p><p>Die Verordnung (EU) 2022\/1393 finden Sie hier: <a href=\"https:\/\/eur-lex.europa.eu\/legal-content\/DE\/TXT\/HTML\/?uri=CELEX:32022R1364&amp;from=EN\" target=\"_blank\" rel=\"noopener\">https:\/\/eur-lex.europa.eu\/legal-content\/DE\/TXT\/HTML\/?uri=CELEX:32022R1364&amp;from=EN<\/a><\/p>\t\t\t\t\t\t<\/div>\n\t\t\t\t<\/div>\n\t\t\t\t\t<\/div>\n\t\t<\/div>\n\t\t\t\t\t\t\t<\/div>\n\t\t<\/section>\n\t\t\t\t\t\t\t<\/div>","protected":false},"excerpt":{"rendered":"<p>Mit der Verordnung (EU) 2022\/1364 werden neue H\u00f6chstgehalte f\u00fcr Blaus\u00e4ure in bestimmten Lebensmitteln in die Verordnung (EG) Nr. 1881\/2006 aufgenommen (Amtsblatt L205 vom 05.07.2022). Die H\u00f6chstgehalte f\u00fcr beziehen auch die in cyanogenen Glykosiden gebundene Blaus\u00e4ure mit ein. Beim Verzehr bestimmter Lebensmittel mit hohen Gehalten an cyanogenen Glykosiden, wie z.B. Leinsamen, Mandeln oder Maniok, k\u00f6nnte die &hellip;<\/p>\n<p class=\"read-more\"> <a class=\"\" href=\"https:\/\/sefiro.de\/en\/2022\/07\/05\/blausaeure-hoechstgehalte-in-bestimmten-lebensmitteln\/\"> <span class=\"screen-reader-text\">Blaus\u00e4ure H\u00f6chstgehalte in bestimmten Lebensmitteln<\/span> Read More &raquo;<\/a><\/p>","protected":false},"author":3,"featured_media":1531,"comment_status":"closed","ping_status":"closed","sticky":false,"template":"","format":"standard","meta":{"footnotes":""},"categories":[106],"tags":[],"class_list":["post-17461","post","type-post","status-publish","format-standard","has-post-thumbnail","hentry","category-news-gesetze-richtlinien-food-feed"],"yoast_head":"<!-- This site is optimized with the Yoast SEO plugin v20.7 - https:\/\/yoast.com\/wordpress\/plugins\/seo\/ -->\n<title>Blaus\u00e4ure H\u00f6chstgehalte in bestimmten Lebensmitteln &ndash; SEFIRO GROUP<\/title>\n<meta name=\"robots\" content=\"index, follow, max-snippet:-1, max-image-preview:large, max-video-preview:-1\" \/>\n<link rel=\"canonical\" href=\"https:\/\/sefiro.de\/en\/2022\/07\/05\/blausaeure-hoechstgehalte-in-bestimmten-lebensmitteln\/\" \/>\n<meta property=\"og:locale\" content=\"en_GB\" \/>\n<meta property=\"og:type\" content=\"article\" \/>\n<meta property=\"og:title\" content=\"Blaus\u00e4ure H\u00f6chstgehalte in bestimmten Lebensmitteln &ndash; SEFIRO GROUP\" \/>\n<meta property=\"og:description\" content=\"Mit der Verordnung (EU) 2022\/1364 werden neue H\u00f6chstgehalte f\u00fcr Blaus\u00e4ure in bestimmten Lebensmitteln in die Verordnung (EG) Nr. 1881\/2006 aufgenommen (Amtsblatt L205 vom 05.07.2022). Die H\u00f6chstgehalte f\u00fcr beziehen auch die in cyanogenen Glykosiden gebundene Blaus\u00e4ure mit ein. Beim Verzehr bestimmter Lebensmittel mit hohen Gehalten an cyanogenen Glykosiden, wie z.B. Leinsamen, Mandeln oder Maniok, k\u00f6nnte die &hellip; Blaus\u00e4ure H\u00f6chstgehalte in bestimmten Lebensmitteln Read More &raquo;\" \/>\n<meta property=\"og:url\" content=\"https:\/\/sefiro.de\/en\/2022\/07\/05\/blausaeure-hoechstgehalte-in-bestimmten-lebensmitteln\/\" \/>\n<meta property=\"og:site_name\" content=\"SEFIRO GROUP\" \/>\n<meta property=\"article:published_time\" content=\"2022-07-05T11:19:00+00:00\" \/>\n<meta property=\"article:modified_time\" content=\"2022-12-19T12:44:38+00:00\" \/>\n<meta property=\"og:image\" content=\"https:\/\/sefiro.de\/wp-content\/uploads\/2020\/12\/aisle-3105629_1920.jpg\" \/>\n\t<meta property=\"og:image:width\" content=\"1920\" \/>\n\t<meta property=\"og:image:height\" content=\"1280\" \/>\n\t<meta property=\"og:image:type\" content=\"image\/jpeg\" \/>\n<meta name=\"author\" content=\"Julia Rau\" \/>\n<meta name=\"twitter:card\" content=\"summary_large_image\" \/>\n<meta name=\"twitter:label1\" content=\"Written by\" \/>\n\t<meta name=\"twitter:data1\" content=\"Julia Rau\" \/>\n\t<meta name=\"twitter:label2\" content=\"Estimated reading time\" \/>\n\t<meta name=\"twitter:data2\" content=\"2 minutes\" \/>\n<script type=\"application\/ld+json\" class=\"yoast-schema-graph\">{\"@context\":\"https:\/\/schema.org\",\"@graph\":[{\"@type\":\"Article\",\"@id\":\"https:\/\/sefiro.de\/2022\/07\/05\/blausaeure-hoechstgehalte-in-bestimmten-lebensmitteln\/#article\",\"isPartOf\":{\"@id\":\"https:\/\/sefiro.de\/2022\/07\/05\/blausaeure-hoechstgehalte-in-bestimmten-lebensmitteln\/\"},\"author\":{\"name\":\"Julia Rau\",\"@id\":\"https:\/\/sefiro.de\/#\/schema\/person\/8fae18c4eb743ab18f99d206493eb009\"},\"headline\":\"Blaus\u00e4ure H\u00f6chstgehalte in bestimmten Lebensmitteln\",\"datePublished\":\"2022-07-05T11:19:00+00:00\",\"dateModified\":\"2022-12-19T12:44:38+00:00\",\"mainEntityOfPage\":{\"@id\":\"https:\/\/sefiro.de\/2022\/07\/05\/blausaeure-hoechstgehalte-in-bestimmten-lebensmitteln\/\"},\"wordCount\":246,\"publisher\":{\"@id\":\"https:\/\/sefiro.de\/#organization\"},\"articleSection\":[\"Gesetze &amp; Richtlinien (Food\/Feed)\"],\"inLanguage\":\"en-GB\"},{\"@type\":\"WebPage\",\"@id\":\"https:\/\/sefiro.de\/2022\/07\/05\/blausaeure-hoechstgehalte-in-bestimmten-lebensmitteln\/\",\"url\":\"https:\/\/sefiro.de\/2022\/07\/05\/blausaeure-hoechstgehalte-in-bestimmten-lebensmitteln\/\",\"name\":\"Blaus\u00e4ure H\u00f6chstgehalte in bestimmten Lebensmitteln &ndash; SEFIRO GROUP\",\"isPartOf\":{\"@id\":\"https:\/\/sefiro.de\/#website\"},\"datePublished\":\"2022-07-05T11:19:00+00:00\",\"dateModified\":\"2022-12-19T12:44:38+00:00\",\"breadcrumb\":{\"@id\":\"https:\/\/sefiro.de\/2022\/07\/05\/blausaeure-hoechstgehalte-in-bestimmten-lebensmitteln\/#breadcrumb\"},\"inLanguage\":\"en-GB\",\"potentialAction\":[{\"@type\":\"ReadAction\",\"target\":[\"https:\/\/sefiro.de\/2022\/07\/05\/blausaeure-hoechstgehalte-in-bestimmten-lebensmitteln\/\"]}]},{\"@type\":\"BreadcrumbList\",\"@id\":\"https:\/\/sefiro.de\/2022\/07\/05\/blausaeure-hoechstgehalte-in-bestimmten-lebensmitteln\/#breadcrumb\",\"itemListElement\":[{\"@type\":\"ListItem\",\"position\":1,\"name\":\"Home\",\"item\":\"https:\/\/sefiro.de\/\"},{\"@type\":\"ListItem\",\"position\":2,\"name\":\"Blaus\u00e4ure H\u00f6chstgehalte in bestimmten Lebensmitteln\"}]},{\"@type\":\"WebSite\",\"@id\":\"https:\/\/sefiro.de\/#website\",\"url\":\"https:\/\/sefiro.de\/\",\"name\":\"SEFIRO GROUP\",\"description\":\"Qualit\u00e4t und Sicherheit\",\"publisher\":{\"@id\":\"https:\/\/sefiro.de\/#organization\"},\"potentialAction\":[{\"@type\":\"SearchAction\",\"target\":{\"@type\":\"EntryPoint\",\"urlTemplate\":\"https:\/\/sefiro.de\/?s={search_term_string}\"},\"query-input\":\"required name=search_term_string\"}],\"inLanguage\":\"en-GB\"},{\"@type\":\"Organization\",\"@id\":\"https:\/\/sefiro.de\/#organization\",\"name\":\"SEFIRO GROUP\",\"url\":\"https:\/\/sefiro.de\/\",\"logo\":{\"@type\":\"ImageObject\",\"inLanguage\":\"en-GB\",\"@id\":\"https:\/\/sefiro.de\/#\/schema\/logo\/image\/\",\"url\":\"https:\/\/sefiro.de\/wp-content\/uploads\/2021\/04\/SEFIRO_Logo_Group_4C_Final_21-12_WEB.jpg\",\"contentUrl\":\"https:\/\/sefiro.de\/wp-content\/uploads\/2021\/04\/SEFIRO_Logo_Group_4C_Final_21-12_WEB.jpg\",\"width\":1012,\"height\":454,\"caption\":\"SEFIRO GROUP\"},\"image\":{\"@id\":\"https:\/\/sefiro.de\/#\/schema\/logo\/image\/\"}},{\"@type\":\"Person\",\"@id\":\"https:\/\/sefiro.de\/#\/schema\/person\/8fae18c4eb743ab18f99d206493eb009\",\"name\":\"Julia Rau\",\"image\":{\"@type\":\"ImageObject\",\"inLanguage\":\"en-GB\",\"@id\":\"https:\/\/sefiro.de\/#\/schema\/person\/image\/\",\"url\":\"https:\/\/secure.gravatar.com\/avatar\/07a2e132bd3c82222edbec571358df131f0a750ff3b5a6c1963d0a05db716d0e?s=96&d=mm&r=g\",\"contentUrl\":\"https:\/\/secure.gravatar.com\/avatar\/07a2e132bd3c82222edbec571358df131f0a750ff3b5a6c1963d0a05db716d0e?s=96&d=mm&r=g\",\"caption\":\"Julia Rau\"}}]}<\/script>\n<!-- \/ Yoast SEO plugin. -->","yoast_head_json":{"title":"Blaus\u00e4ure H\u00f6chstgehalte in bestimmten Lebensmitteln &ndash; SEFIRO GROUP","robots":{"index":"index","follow":"follow","max-snippet":"max-snippet:-1","max-image-preview":"max-image-preview:large","max-video-preview":"max-video-preview:-1"},"canonical":"https:\/\/sefiro.de\/en\/2022\/07\/05\/blausaeure-hoechstgehalte-in-bestimmten-lebensmitteln\/","og_locale":"en_GB","og_type":"article","og_title":"Blaus\u00e4ure H\u00f6chstgehalte in bestimmten Lebensmitteln &ndash; SEFIRO GROUP","og_description":"Mit der Verordnung (EU) 2022\/1364 werden neue H\u00f6chstgehalte f\u00fcr Blaus\u00e4ure in bestimmten Lebensmitteln in die Verordnung (EG) Nr. 1881\/2006 aufgenommen (Amtsblatt L205 vom 05.07.2022). Die H\u00f6chstgehalte f\u00fcr beziehen auch die in cyanogenen Glykosiden gebundene Blaus\u00e4ure mit ein. Beim Verzehr bestimmter Lebensmittel mit hohen Gehalten an cyanogenen Glykosiden, wie z.B. Leinsamen, Mandeln oder Maniok, k\u00f6nnte die &hellip; Blaus\u00e4ure H\u00f6chstgehalte in bestimmten Lebensmitteln Read More &raquo;","og_url":"https:\/\/sefiro.de\/en\/2022\/07\/05\/blausaeure-hoechstgehalte-in-bestimmten-lebensmitteln\/","og_site_name":"SEFIRO GROUP","article_published_time":"2022-07-05T11:19:00+00:00","article_modified_time":"2022-12-19T12:44:38+00:00","og_image":[{"width":1920,"height":1280,"url":"https:\/\/sefiro.de\/wp-content\/uploads\/2020\/12\/aisle-3105629_1920.jpg","type":"image\/jpeg"}],"author":"Julia Rau","twitter_card":"summary_large_image","twitter_misc":{"Written by":"Julia Rau","Estimated reading time":"2 minutes"},"schema":{"@context":"https:\/\/schema.org","@graph":[{"@type":"Article","@id":"https:\/\/sefiro.de\/2022\/07\/05\/blausaeure-hoechstgehalte-in-bestimmten-lebensmitteln\/#article","isPartOf":{"@id":"https:\/\/sefiro.de\/2022\/07\/05\/blausaeure-hoechstgehalte-in-bestimmten-lebensmitteln\/"},"author":{"name":"Julia Rau","@id":"https:\/\/sefiro.de\/#\/schema\/person\/8fae18c4eb743ab18f99d206493eb009"},"headline":"Blaus\u00e4ure H\u00f6chstgehalte in bestimmten Lebensmitteln","datePublished":"2022-07-05T11:19:00+00:00","dateModified":"2022-12-19T12:44:38+00:00","mainEntityOfPage":{"@id":"https:\/\/sefiro.de\/2022\/07\/05\/blausaeure-hoechstgehalte-in-bestimmten-lebensmitteln\/"},"wordCount":246,"publisher":{"@id":"https:\/\/sefiro.de\/#organization"},"articleSection":["Gesetze &amp; Richtlinien (Food\/Feed)"],"inLanguage":"en-GB"},{"@type":"WebPage","@id":"https:\/\/sefiro.de\/2022\/07\/05\/blausaeure-hoechstgehalte-in-bestimmten-lebensmitteln\/","url":"https:\/\/sefiro.de\/2022\/07\/05\/blausaeure-hoechstgehalte-in-bestimmten-lebensmitteln\/","name":"Blaus\u00e4ure H\u00f6chstgehalte in bestimmten Lebensmitteln &ndash; SEFIRO GROUP","isPartOf":{"@id":"https:\/\/sefiro.de\/#website"},"datePublished":"2022-07-05T11:19:00+00:00","dateModified":"2022-12-19T12:44:38+00:00","breadcrumb":{"@id":"https:\/\/sefiro.de\/2022\/07\/05\/blausaeure-hoechstgehalte-in-bestimmten-lebensmitteln\/#breadcrumb"},"inLanguage":"en-GB","potentialAction":[{"@type":"ReadAction","target":["https:\/\/sefiro.de\/2022\/07\/05\/blausaeure-hoechstgehalte-in-bestimmten-lebensmitteln\/"]}]},{"@type":"BreadcrumbList","@id":"https:\/\/sefiro.de\/2022\/07\/05\/blausaeure-hoechstgehalte-in-bestimmten-lebensmitteln\/#breadcrumb","itemListElement":[{"@type":"ListItem","position":1,"name":"Home","item":"https:\/\/sefiro.de\/"},{"@type":"ListItem","position":2,"name":"Blaus\u00e4ure H\u00f6chstgehalte in bestimmten Lebensmitteln"}]},{"@type":"WebSite","@id":"https:\/\/sefiro.de\/#website","url":"https:\/\/sefiro.de\/","name":"SEFIRO GROUP","description":"Qualit\u00e4t und Sicherheit","publisher":{"@id":"https:\/\/sefiro.de\/#organization"},"potentialAction":[{"@type":"SearchAction","target":{"@type":"EntryPoint","urlTemplate":"https:\/\/sefiro.de\/?s={search_term_string}"},"query-input":"required name=search_term_string"}],"inLanguage":"en-GB"},{"@type":"Organization","@id":"https:\/\/sefiro.de\/#organization","name":"SEFIRO GROUP","url":"https:\/\/sefiro.de\/","logo":{"@type":"ImageObject","inLanguage":"en-GB","@id":"https:\/\/sefiro.de\/#\/schema\/logo\/image\/","url":"https:\/\/sefiro.de\/wp-content\/uploads\/2021\/04\/SEFIRO_Logo_Group_4C_Final_21-12_WEB.jpg","contentUrl":"https:\/\/sefiro.de\/wp-content\/uploads\/2021\/04\/SEFIRO_Logo_Group_4C_Final_21-12_WEB.jpg","width":1012,"height":454,"caption":"SEFIRO GROUP"},"image":{"@id":"https:\/\/sefiro.de\/#\/schema\/logo\/image\/"}},{"@type":"Person","@id":"https:\/\/sefiro.de\/#\/schema\/person\/8fae18c4eb743ab18f99d206493eb009","name":"Julia Rau","image":{"@type":"ImageObject","inLanguage":"en-GB","@id":"https:\/\/sefiro.de\/#\/schema\/person\/image\/","url":"https:\/\/secure.gravatar.com\/avatar\/07a2e132bd3c82222edbec571358df131f0a750ff3b5a6c1963d0a05db716d0e?s=96&d=mm&r=g","contentUrl":"https:\/\/secure.gravatar.com\/avatar\/07a2e132bd3c82222edbec571358df131f0a750ff3b5a6c1963d0a05db716d0e?s=96&d=mm&r=g","caption":"Julia Rau"}}]}},"jetpack_featured_media_url":"https:\/\/sefiro.de\/wp-content\/uploads\/2020\/12\/aisle-3105629_1920.jpg","_links":{"self":[{"href":"https:\/\/sefiro.de\/en\/wp-json\/wp\/v2\/posts\/17461","targetHints":{"allow":["GET"]}}],"collection":[{"href":"https:\/\/sefiro.de\/en\/wp-json\/wp\/v2\/posts"}],"about":[{"href":"https:\/\/sefiro.de\/en\/wp-json\/wp\/v2\/types\/post"}],"author":[{"embeddable":true,"href":"https:\/\/sefiro.de\/en\/wp-json\/wp\/v2\/users\/3"}],"replies":[{"embeddable":true,"href":"https:\/\/sefiro.de\/en\/wp-json\/wp\/v2\/comments?post=17461"}],"version-history":[{"count":5,"href":"https:\/\/sefiro.de\/en\/wp-json\/wp\/v2\/posts\/17461\/revisions"}],"predecessor-version":[{"id":17481,"href":"https:\/\/sefiro.de\/en\/wp-json\/wp\/v2\/posts\/17461\/revisions\/17481"}],"wp:featuredmedia":[{"embeddable":true,"href":"https:\/\/sefiro.de\/en\/wp-json\/wp\/v2\/media\/1531"}],"wp:attachment":[{"href":"https:\/\/sefiro.de\/en\/wp-json\/wp\/v2\/media?parent=17461"}],"wp:term":[{"taxonomy":"category","embeddable":true,"href":"https:\/\/sefiro.de\/en\/wp-json\/wp\/v2\/categories?post=17461"},{"taxonomy":"post_tag","embeddable":true,"href":"https:\/\/sefiro.de\/en\/wp-json\/wp\/v2\/tags?post=17461"}],"curies":[{"name":"wp","href":"https:\/\/api.w.org\/{rel}","templated":true}]}}