{"id":17605,"date":"2023-04-19T14:29:00","date_gmt":"2023-04-19T12:29:00","guid":{"rendered":"https:\/\/sefiro.de\/?p=17605"},"modified":"2023-06-01T14:30:57","modified_gmt":"2023-06-01T12:30:57","slug":"gesetz-zum-schutz-des-regenwaldes","status":"publish","type":"post","link":"https:\/\/sefiro.de\/en\/2023\/04\/19\/gesetz-zum-schutz-des-regenwaldes\/","title":{"rendered":"Gesetz zum Schutz des Regenwaldes"},"content":{"rendered":"<div data-elementor-type=\"wp-post\" data-elementor-id=\"17605\" class=\"elementor elementor-17605\">\n\t\t\t\t\t\t\t\t\t<section class=\"elementor-section elementor-top-section elementor-element elementor-element-7fa3b21c elementor-section-boxed elementor-section-height-default elementor-section-height-default\" data-id=\"7fa3b21c\" data-element_type=\"section\">\n\t\t\t\t\t\t<div class=\"elementor-container elementor-column-gap-default\">\n\t\t\t\t\t<div class=\"elementor-column elementor-col-100 elementor-top-column elementor-element elementor-element-7de7d334\" data-id=\"7de7d334\" data-element_type=\"column\">\n\t\t\t<div class=\"elementor-widget-wrap elementor-element-populated\">\n\t\t\t\t\t\t\t\t<div class=\"elementor-element elementor-element-63e14705 elementor-widget elementor-widget-text-editor\" data-id=\"63e14705\" data-element_type=\"widget\" data-widget_type=\"text-editor.default\">\n\t\t\t\t<div class=\"elementor-widget-container\">\n\t\t\t\t\t\t\t<p>Das EU-Parlament stimmte sch\u00e4rferen Importregeln zu. K\u00fcnftig d\u00fcrfen Produkte wie Kaffee oder Palm\u00f6l nicht mehr in der EU verkauft werden, wenn f\u00fcr ihre Gewinnung der Regenwald besch\u00e4digt wurde. Die Regelungen sollen die weitere Rodung des Regenwaldes durch den Konsum europ\u00e4ischer Verbraucher verhindern.<\/p><p>Hersteller m\u00fcssen zuk\u00fcnftig Sorgfaltserkl\u00e4rungen abgeben, die erkl\u00e4ren, dass weder das Produkt noch die gelisteten Rohstoffe zur Sch\u00e4digung des Regenwaldes f\u00fchren. Bei Verst\u00f6\u00dfen gegen das neue Gesetz riskieren Unternehmen Geldstrafen.<\/p>\t\t\t\t\t\t<\/div>\n\t\t\t\t<\/div>\n\t\t\t\t\t<\/div>\n\t\t<\/div>\n\t\t\t\t\t\t\t<\/div>\n\t\t<\/section>\n\t\t\t\t\t\t\t<\/div>","protected":false},"excerpt":{"rendered":"<p>Das EU-Parlament stimmte sch\u00e4rferen Importregeln zu. K\u00fcnftig d\u00fcrfen Produkte wie Kaffee oder Palm\u00f6l nicht mehr in der EU verkauft werden, wenn f\u00fcr ihre Gewinnung der Regenwald besch\u00e4digt wurde. Die Regelungen sollen die weitere Rodung des Regenwaldes durch den Konsum europ\u00e4ischer Verbraucher verhindern. Hersteller m\u00fcssen zuk\u00fcnftig Sorgfaltserkl\u00e4rungen abgeben, die erkl\u00e4ren, dass weder das Produkt noch die &hellip;<\/p>\n<p class=\"read-more\"> <a class=\"\" href=\"https:\/\/sefiro.de\/en\/2023\/04\/19\/gesetz-zum-schutz-des-regenwaldes\/\"> <span class=\"screen-reader-text\">Gesetz zum Schutz des Regenwaldes<\/span> Read More &raquo;<\/a><\/p>","protected":false},"author":3,"featured_media":2376,"comment_status":"closed","ping_status":"closed","sticky":false,"template":"","format":"standard","meta":{"footnotes":""},"categories":[106,107,110],"tags":[],"class_list":["post-17605","post","type-post","status-publish","format-standard","has-post-thumbnail","hentry","category-news-gesetze-richtlinien-food-feed","category-news-gesetze-richtlinien-non-food","category-news-nachhaltigkeit-konsumgueter"],"yoast_head":"<!-- This site is optimized with the Yoast SEO plugin v20.7 - https:\/\/yoast.com\/wordpress\/plugins\/seo\/ -->\n<title>Gesetz zum Schutz des Regenwaldes &ndash; SEFIRO GROUP<\/title>\n<meta name=\"robots\" content=\"index, follow, max-snippet:-1, max-image-preview:large, max-video-preview:-1\" \/>\n<link rel=\"canonical\" href=\"https:\/\/sefiro.de\/en\/2023\/04\/19\/gesetz-zum-schutz-des-regenwaldes\/\" \/>\n<meta property=\"og:locale\" content=\"en_GB\" \/>\n<meta property=\"og:type\" content=\"article\" \/>\n<meta property=\"og:title\" content=\"Gesetz zum Schutz des Regenwaldes &ndash; SEFIRO GROUP\" \/>\n<meta property=\"og:description\" content=\"Das EU-Parlament stimmte sch\u00e4rferen Importregeln zu. K\u00fcnftig d\u00fcrfen Produkte wie Kaffee oder Palm\u00f6l nicht mehr in der EU verkauft werden, wenn f\u00fcr ihre Gewinnung der Regenwald besch\u00e4digt wurde. Die Regelungen sollen die weitere Rodung des Regenwaldes durch den Konsum europ\u00e4ischer Verbraucher verhindern. Hersteller m\u00fcssen zuk\u00fcnftig Sorgfaltserkl\u00e4rungen abgeben, die erkl\u00e4ren, dass weder das Produkt noch die &hellip; Gesetz zum Schutz des Regenwaldes Read More &raquo;\" \/>\n<meta property=\"og:url\" content=\"https:\/\/sefiro.de\/en\/2023\/04\/19\/gesetz-zum-schutz-des-regenwaldes\/\" \/>\n<meta property=\"og:site_name\" content=\"SEFIRO GROUP\" \/>\n<meta property=\"article:published_time\" content=\"2023-04-19T12:29:00+00:00\" \/>\n<meta property=\"article:modified_time\" content=\"2023-06-01T12:30:57+00:00\" \/>\n<meta property=\"og:image\" content=\"https:\/\/sefiro.de\/wp-content\/uploads\/2021\/07\/meadow-4485609_1920.jpg\" \/>\n\t<meta property=\"og:image:width\" content=\"1920\" \/>\n\t<meta property=\"og:image:height\" content=\"1280\" \/>\n\t<meta property=\"og:image:type\" content=\"image\/jpeg\" \/>\n<meta name=\"author\" content=\"Julia Rau\" \/>\n<meta name=\"twitter:card\" content=\"summary_large_image\" \/>\n<meta name=\"twitter:label1\" content=\"Written by\" \/>\n\t<meta name=\"twitter:data1\" content=\"Julia Rau\" \/>\n\t<meta name=\"twitter:label2\" content=\"Estimated reading time\" \/>\n\t<meta name=\"twitter:data2\" content=\"1 minute\" \/>\n<script type=\"application\/ld+json\" class=\"yoast-schema-graph\">{\"@context\":\"https:\/\/schema.org\",\"@graph\":[{\"@type\":\"Article\",\"@id\":\"https:\/\/sefiro.de\/2023\/04\/19\/gesetz-zum-schutz-des-regenwaldes\/#article\",\"isPartOf\":{\"@id\":\"https:\/\/sefiro.de\/2023\/04\/19\/gesetz-zum-schutz-des-regenwaldes\/\"},\"author\":{\"name\":\"Julia Rau\",\"@id\":\"https:\/\/sefiro.de\/#\/schema\/person\/8fae18c4eb743ab18f99d206493eb009\"},\"headline\":\"Gesetz zum Schutz des Regenwaldes\",\"datePublished\":\"2023-04-19T12:29:00+00:00\",\"dateModified\":\"2023-06-01T12:30:57+00:00\",\"mainEntityOfPage\":{\"@id\":\"https:\/\/sefiro.de\/2023\/04\/19\/gesetz-zum-schutz-des-regenwaldes\/\"},\"wordCount\":90,\"publisher\":{\"@id\":\"https:\/\/sefiro.de\/#organization\"},\"articleSection\":[\"Gesetze &amp; Richtlinien (Food\/Feed)\",\"Gesetze &amp; Richtlinien (Non-Food)\",\"Nachhaltigkeit Konsumg\u00fcter\"],\"inLanguage\":\"en-GB\"},{\"@type\":\"WebPage\",\"@id\":\"https:\/\/sefiro.de\/2023\/04\/19\/gesetz-zum-schutz-des-regenwaldes\/\",\"url\":\"https:\/\/sefiro.de\/2023\/04\/19\/gesetz-zum-schutz-des-regenwaldes\/\",\"name\":\"Gesetz zum Schutz des Regenwaldes &ndash; SEFIRO GROUP\",\"isPartOf\":{\"@id\":\"https:\/\/sefiro.de\/#website\"},\"datePublished\":\"2023-04-19T12:29:00+00:00\",\"dateModified\":\"2023-06-01T12:30:57+00:00\",\"breadcrumb\":{\"@id\":\"https:\/\/sefiro.de\/2023\/04\/19\/gesetz-zum-schutz-des-regenwaldes\/#breadcrumb\"},\"inLanguage\":\"en-GB\",\"potentialAction\":[{\"@type\":\"ReadAction\",\"target\":[\"https:\/\/sefiro.de\/2023\/04\/19\/gesetz-zum-schutz-des-regenwaldes\/\"]}]},{\"@type\":\"BreadcrumbList\",\"@id\":\"https:\/\/sefiro.de\/2023\/04\/19\/gesetz-zum-schutz-des-regenwaldes\/#breadcrumb\",\"itemListElement\":[{\"@type\":\"ListItem\",\"position\":1,\"name\":\"Home\",\"item\":\"https:\/\/sefiro.de\/\"},{\"@type\":\"ListItem\",\"position\":2,\"name\":\"Gesetz zum Schutz des Regenwaldes\"}]},{\"@type\":\"WebSite\",\"@id\":\"https:\/\/sefiro.de\/#website\",\"url\":\"https:\/\/sefiro.de\/\",\"name\":\"SEFIRO GROUP\",\"description\":\"Qualit\u00e4t und Sicherheit\",\"publisher\":{\"@id\":\"https:\/\/sefiro.de\/#organization\"},\"potentialAction\":[{\"@type\":\"SearchAction\",\"target\":{\"@type\":\"EntryPoint\",\"urlTemplate\":\"https:\/\/sefiro.de\/?s={search_term_string}\"},\"query-input\":\"required name=search_term_string\"}],\"inLanguage\":\"en-GB\"},{\"@type\":\"Organization\",\"@id\":\"https:\/\/sefiro.de\/#organization\",\"name\":\"SEFIRO GROUP\",\"url\":\"https:\/\/sefiro.de\/\",\"logo\":{\"@type\":\"ImageObject\",\"inLanguage\":\"en-GB\",\"@id\":\"https:\/\/sefiro.de\/#\/schema\/logo\/image\/\",\"url\":\"https:\/\/sefiro.de\/wp-content\/uploads\/2021\/04\/SEFIRO_Logo_Group_4C_Final_21-12_WEB.jpg\",\"contentUrl\":\"https:\/\/sefiro.de\/wp-content\/uploads\/2021\/04\/SEFIRO_Logo_Group_4C_Final_21-12_WEB.jpg\",\"width\":1012,\"height\":454,\"caption\":\"SEFIRO GROUP\"},\"image\":{\"@id\":\"https:\/\/sefiro.de\/#\/schema\/logo\/image\/\"}},{\"@type\":\"Person\",\"@id\":\"https:\/\/sefiro.de\/#\/schema\/person\/8fae18c4eb743ab18f99d206493eb009\",\"name\":\"Julia Rau\",\"image\":{\"@type\":\"ImageObject\",\"inLanguage\":\"en-GB\",\"@id\":\"https:\/\/sefiro.de\/#\/schema\/person\/image\/\",\"url\":\"https:\/\/secure.gravatar.com\/avatar\/07a2e132bd3c82222edbec571358df131f0a750ff3b5a6c1963d0a05db716d0e?s=96&d=mm&r=g\",\"contentUrl\":\"https:\/\/secure.gravatar.com\/avatar\/07a2e132bd3c82222edbec571358df131f0a750ff3b5a6c1963d0a05db716d0e?s=96&d=mm&r=g\",\"caption\":\"Julia Rau\"}}]}<\/script>\n<!-- \/ Yoast SEO plugin. -->","yoast_head_json":{"title":"Gesetz zum Schutz des Regenwaldes &ndash; SEFIRO GROUP","robots":{"index":"index","follow":"follow","max-snippet":"max-snippet:-1","max-image-preview":"max-image-preview:large","max-video-preview":"max-video-preview:-1"},"canonical":"https:\/\/sefiro.de\/en\/2023\/04\/19\/gesetz-zum-schutz-des-regenwaldes\/","og_locale":"en_GB","og_type":"article","og_title":"Gesetz zum Schutz des Regenwaldes &ndash; SEFIRO GROUP","og_description":"Das EU-Parlament stimmte sch\u00e4rferen Importregeln zu. K\u00fcnftig d\u00fcrfen Produkte wie Kaffee oder Palm\u00f6l nicht mehr in der EU verkauft werden, wenn f\u00fcr ihre Gewinnung der Regenwald besch\u00e4digt wurde. Die Regelungen sollen die weitere Rodung des Regenwaldes durch den Konsum europ\u00e4ischer Verbraucher verhindern. Hersteller m\u00fcssen zuk\u00fcnftig Sorgfaltserkl\u00e4rungen abgeben, die erkl\u00e4ren, dass weder das Produkt noch die &hellip; Gesetz zum Schutz des Regenwaldes Read More &raquo;","og_url":"https:\/\/sefiro.de\/en\/2023\/04\/19\/gesetz-zum-schutz-des-regenwaldes\/","og_site_name":"SEFIRO GROUP","article_published_time":"2023-04-19T12:29:00+00:00","article_modified_time":"2023-06-01T12:30:57+00:00","og_image":[{"width":1920,"height":1280,"url":"https:\/\/sefiro.de\/wp-content\/uploads\/2021\/07\/meadow-4485609_1920.jpg","type":"image\/jpeg"}],"author":"Julia Rau","twitter_card":"summary_large_image","twitter_misc":{"Written by":"Julia Rau","Estimated reading time":"1 minute"},"schema":{"@context":"https:\/\/schema.org","@graph":[{"@type":"Article","@id":"https:\/\/sefiro.de\/2023\/04\/19\/gesetz-zum-schutz-des-regenwaldes\/#article","isPartOf":{"@id":"https:\/\/sefiro.de\/2023\/04\/19\/gesetz-zum-schutz-des-regenwaldes\/"},"author":{"name":"Julia Rau","@id":"https:\/\/sefiro.de\/#\/schema\/person\/8fae18c4eb743ab18f99d206493eb009"},"headline":"Gesetz zum Schutz des Regenwaldes","datePublished":"2023-04-19T12:29:00+00:00","dateModified":"2023-06-01T12:30:57+00:00","mainEntityOfPage":{"@id":"https:\/\/sefiro.de\/2023\/04\/19\/gesetz-zum-schutz-des-regenwaldes\/"},"wordCount":90,"publisher":{"@id":"https:\/\/sefiro.de\/#organization"},"articleSection":["Gesetze &amp; Richtlinien (Food\/Feed)","Gesetze &amp; Richtlinien (Non-Food)","Nachhaltigkeit Konsumg\u00fcter"],"inLanguage":"en-GB"},{"@type":"WebPage","@id":"https:\/\/sefiro.de\/2023\/04\/19\/gesetz-zum-schutz-des-regenwaldes\/","url":"https:\/\/sefiro.de\/2023\/04\/19\/gesetz-zum-schutz-des-regenwaldes\/","name":"Gesetz zum Schutz des Regenwaldes &ndash; SEFIRO GROUP","isPartOf":{"@id":"https:\/\/sefiro.de\/#website"},"datePublished":"2023-04-19T12:29:00+00:00","dateModified":"2023-06-01T12:30:57+00:00","breadcrumb":{"@id":"https:\/\/sefiro.de\/2023\/04\/19\/gesetz-zum-schutz-des-regenwaldes\/#breadcrumb"},"inLanguage":"en-GB","potentialAction":[{"@type":"ReadAction","target":["https:\/\/sefiro.de\/2023\/04\/19\/gesetz-zum-schutz-des-regenwaldes\/"]}]},{"@type":"BreadcrumbList","@id":"https:\/\/sefiro.de\/2023\/04\/19\/gesetz-zum-schutz-des-regenwaldes\/#breadcrumb","itemListElement":[{"@type":"ListItem","position":1,"name":"Home","item":"https:\/\/sefiro.de\/"},{"@type":"ListItem","position":2,"name":"Gesetz zum Schutz des Regenwaldes"}]},{"@type":"WebSite","@id":"https:\/\/sefiro.de\/#website","url":"https:\/\/sefiro.de\/","name":"SEFIRO GROUP","description":"Qualit\u00e4t und Sicherheit","publisher":{"@id":"https:\/\/sefiro.de\/#organization"},"potentialAction":[{"@type":"SearchAction","target":{"@type":"EntryPoint","urlTemplate":"https:\/\/sefiro.de\/?s={search_term_string}"},"query-input":"required name=search_term_string"}],"inLanguage":"en-GB"},{"@type":"Organization","@id":"https:\/\/sefiro.de\/#organization","name":"SEFIRO GROUP","url":"https:\/\/sefiro.de\/","logo":{"@type":"ImageObject","inLanguage":"en-GB","@id":"https:\/\/sefiro.de\/#\/schema\/logo\/image\/","url":"https:\/\/sefiro.de\/wp-content\/uploads\/2021\/04\/SEFIRO_Logo_Group_4C_Final_21-12_WEB.jpg","contentUrl":"https:\/\/sefiro.de\/wp-content\/uploads\/2021\/04\/SEFIRO_Logo_Group_4C_Final_21-12_WEB.jpg","width":1012,"height":454,"caption":"SEFIRO GROUP"},"image":{"@id":"https:\/\/sefiro.de\/#\/schema\/logo\/image\/"}},{"@type":"Person","@id":"https:\/\/sefiro.de\/#\/schema\/person\/8fae18c4eb743ab18f99d206493eb009","name":"Julia Rau","image":{"@type":"ImageObject","inLanguage":"en-GB","@id":"https:\/\/sefiro.de\/#\/schema\/person\/image\/","url":"https:\/\/secure.gravatar.com\/avatar\/07a2e132bd3c82222edbec571358df131f0a750ff3b5a6c1963d0a05db716d0e?s=96&d=mm&r=g","contentUrl":"https:\/\/secure.gravatar.com\/avatar\/07a2e132bd3c82222edbec571358df131f0a750ff3b5a6c1963d0a05db716d0e?s=96&d=mm&r=g","caption":"Julia Rau"}}]}},"jetpack_featured_media_url":"https:\/\/sefiro.de\/wp-content\/uploads\/2021\/07\/meadow-4485609_1920.jpg","_links":{"self":[{"href":"https:\/\/sefiro.de\/en\/wp-json\/wp\/v2\/posts\/17605","targetHints":{"allow":["GET"]}}],"collection":[{"href":"https:\/\/sefiro.de\/en\/wp-json\/wp\/v2\/posts"}],"about":[{"href":"https:\/\/sefiro.de\/en\/wp-json\/wp\/v2\/types\/post"}],"author":[{"embeddable":true,"href":"https:\/\/sefiro.de\/en\/wp-json\/wp\/v2\/users\/3"}],"replies":[{"embeddable":true,"href":"https:\/\/sefiro.de\/en\/wp-json\/wp\/v2\/comments?post=17605"}],"version-history":[{"count":4,"href":"https:\/\/sefiro.de\/en\/wp-json\/wp\/v2\/posts\/17605\/revisions"}],"predecessor-version":[{"id":17610,"href":"https:\/\/sefiro.de\/en\/wp-json\/wp\/v2\/posts\/17605\/revisions\/17610"}],"wp:featuredmedia":[{"embeddable":true,"href":"https:\/\/sefiro.de\/en\/wp-json\/wp\/v2\/media\/2376"}],"wp:attachment":[{"href":"https:\/\/sefiro.de\/en\/wp-json\/wp\/v2\/media?parent=17605"}],"wp:term":[{"taxonomy":"category","embeddable":true,"href":"https:\/\/sefiro.de\/en\/wp-json\/wp\/v2\/categories?post=17605"},{"taxonomy":"post_tag","embeddable":true,"href":"https:\/\/sefiro.de\/en\/wp-json\/wp\/v2\/tags?post=17605"}],"curies":[{"name":"wp","href":"https:\/\/api.w.org\/{rel}","templated":true}]}}