{"id":17836,"date":"2023-07-26T11:41:00","date_gmt":"2023-07-26T09:41:00","guid":{"rendered":"https:\/\/sefiro.de\/?p=17836"},"modified":"2024-04-03T11:44:41","modified_gmt":"2024-04-03T09:44:41","slug":"staendiger-ausschuss-hat-verordnungsentwurf-zur-aenderung-der-verordnung-eu-2023-377-hinsichtlich-nikotin-angenommen","status":"publish","type":"post","link":"https:\/\/sefiro.de\/en\/2023\/07\/26\/staendiger-ausschuss-hat-verordnungsentwurf-zur-aenderung-der-verordnung-eu-2023-377-hinsichtlich-nikotin-angenommen\/","title":{"rendered":"St\u00e4ndiger Ausschuss hat Verordnungsentwurf zur \u00c4nderung der Verordnung (EU) 2023\/377 hinsichtlich Nikotin angenommen"},"content":{"rendered":"<div data-elementor-type=\"wp-post\" data-elementor-id=\"17836\" class=\"elementor elementor-17836\">\n\t\t\t\t\t\t\t\t\t<section class=\"elementor-section elementor-top-section elementor-element elementor-element-4fa42454 elementor-section-boxed elementor-section-height-default elementor-section-height-default\" data-id=\"4fa42454\" data-element_type=\"section\">\n\t\t\t\t\t\t<div class=\"elementor-container elementor-column-gap-default\">\n\t\t\t\t\t<div class=\"elementor-column elementor-col-100 elementor-top-column elementor-element elementor-element-42b1423b\" data-id=\"42b1423b\" data-element_type=\"column\">\n\t\t\t<div class=\"elementor-widget-wrap elementor-element-populated\">\n\t\t\t\t\t\t\t\t<div class=\"elementor-element elementor-element-7eaa5aa1 elementor-widget elementor-widget-text-editor\" data-id=\"7eaa5aa1\" data-element_type=\"widget\" data-widget_type=\"text-editor.default\">\n\t\t\t\t<div class=\"elementor-widget-container\">\n\t\t\t\t\t\t\t<p><!-- wp:paragraph --><\/p><p>Der St\u00e4ndige Ausschuss hat am 30.03.2023 den Verordnungsentwurf zur \u00c4nderung der Verordnung (EU) 2023\/377 bewilligt und somit wurden u.a. folgende Punkte mit aufgenommen:<\/p><ul><li>Aufbrauchsm\u00f6glichkeiten f\u00fcr Tee (Camellia sinensis)<\/li><li>R\u00fcckstandsh\u00f6chstgehalte \u00c4nderungen f\u00fcr Frucht- und Samengew\u00fcrze sowie f\u00fcr Zimt<\/li><\/ul><p>Die Verordnung (EU) 2023\/377 tritt am 14. M\u00e4rz 2023 in Kraft und ist ab dem 14. September 2023 g\u00fcltig.<\/p><p>Die \u00c4nderungen wurden am 26. Juli 2023 im Amtsblatt der Europ\u00e4ischen Union ver\u00f6ffentlicht.<br \/>Die Verordnung (EU) 2023\/1536 tritt am 15. August 2023 in Kraft und gilt ab dem 15. September 2023. Davon ausgenommen sind die \u00dcbergangsregelungen (Aufbrauchsm\u00f6glichkeiten) f\u00fcr Nikotin in Tee (Camellia sinensis), die ab dem 14. September 2023 gelten.<\/p><p>\u00a0<\/p><p>The complete regulation can be found here:<\/p><p><a href=\"https:\/\/eur-lex.europa.eu\/legal-content\/DE\/TXT\/?uri=CELEX:32023R1536\" target=\"_blank\" rel=\"noopener\">https:\/\/eur-lex.europa.eu\/legal-content\/DE\/TXT\/?uri=CELEX:32023R1536<\/a><\/p><p><!-- \/wp:paragraph --><!-- wp:paragraph --><!-- \/wp:paragraph --><\/p>\t\t\t\t\t\t<\/div>\n\t\t\t\t<\/div>\n\t\t\t\t\t<\/div>\n\t\t<\/div>\n\t\t\t\t\t\t\t<\/div>\n\t\t<\/section>\n\t\t\t\t\t\t\t<\/div>","protected":false},"excerpt":{"rendered":"<p>Der St\u00e4ndige Ausschuss hat am 30.03.2023 den Verordnungsentwurf zur \u00c4nderung der Verordnung (EU) 2023\/377 bewilligt und somit wurden u.a. folgende Punkte mit aufgenommen: Aufbrauchsm\u00f6glichkeiten f\u00fcr Tee (Camellia sinensis) R\u00fcckstandsh\u00f6chstgehalte \u00c4nderungen f\u00fcr Frucht- und Samengew\u00fcrze sowie f\u00fcr Zimt Die Verordnung (EU) 2023\/377 tritt am 14. M\u00e4rz 2023 in Kraft und ist ab dem 14. September 2023 &hellip;<\/p>\n<p class=\"read-more\"> <a class=\"\" href=\"https:\/\/sefiro.de\/en\/2023\/07\/26\/staendiger-ausschuss-hat-verordnungsentwurf-zur-aenderung-der-verordnung-eu-2023-377-hinsichtlich-nikotin-angenommen\/\"> <span class=\"screen-reader-text\">St\u00e4ndiger Ausschuss hat Verordnungsentwurf zur \u00c4nderung der Verordnung (EU) 2023\/377 hinsichtlich Nikotin angenommen<\/span> Read More &raquo;<\/a><\/p>","protected":false},"author":3,"featured_media":1531,"comment_status":"closed","ping_status":"closed","sticky":false,"template":"","format":"standard","meta":{"footnotes":""},"categories":[105,106],"tags":[],"class_list":["post-17836","post","type-post","status-publish","format-standard","has-post-thumbnail","hentry","category-news-empfehlungen-verbraucherschutz","category-news-gesetze-richtlinien-food-feed"],"yoast_head":"<!-- This site is optimized with the Yoast SEO plugin v20.7 - https:\/\/yoast.com\/wordpress\/plugins\/seo\/ -->\n<title>St\u00e4ndiger Ausschuss hat Verordnungsentwurf zur \u00c4nderung der Verordnung (EU) 2023\/377 hinsichtlich Nikotin angenommen &ndash; SEFIRO GROUP<\/title>\n<meta name=\"robots\" content=\"index, follow, max-snippet:-1, max-image-preview:large, max-video-preview:-1\" \/>\n<link rel=\"canonical\" href=\"https:\/\/sefiro.de\/en\/2023\/07\/26\/staendiger-ausschuss-hat-verordnungsentwurf-zur-aenderung-der-verordnung-eu-2023-377-hinsichtlich-nikotin-angenommen\/\" \/>\n<meta property=\"og:locale\" content=\"en_GB\" \/>\n<meta property=\"og:type\" content=\"article\" \/>\n<meta property=\"og:title\" content=\"St\u00e4ndiger Ausschuss hat Verordnungsentwurf zur \u00c4nderung der Verordnung (EU) 2023\/377 hinsichtlich Nikotin angenommen &ndash; SEFIRO GROUP\" \/>\n<meta property=\"og:description\" content=\"Der St\u00e4ndige Ausschuss hat am 30.03.2023 den Verordnungsentwurf zur \u00c4nderung der Verordnung (EU) 2023\/377 bewilligt und somit wurden u.a. folgende Punkte mit aufgenommen: Aufbrauchsm\u00f6glichkeiten f\u00fcr Tee (Camellia sinensis) R\u00fcckstandsh\u00f6chstgehalte \u00c4nderungen f\u00fcr Frucht- und Samengew\u00fcrze sowie f\u00fcr Zimt Die Verordnung (EU) 2023\/377 tritt am 14. M\u00e4rz 2023 in Kraft und ist ab dem 14. September 2023 &hellip; St\u00e4ndiger Ausschuss hat Verordnungsentwurf zur \u00c4nderung der Verordnung (EU) 2023\/377 hinsichtlich Nikotin angenommen Read More &raquo;\" \/>\n<meta property=\"og:url\" content=\"https:\/\/sefiro.de\/en\/2023\/07\/26\/staendiger-ausschuss-hat-verordnungsentwurf-zur-aenderung-der-verordnung-eu-2023-377-hinsichtlich-nikotin-angenommen\/\" \/>\n<meta property=\"og:site_name\" content=\"SEFIRO GROUP\" \/>\n<meta property=\"article:published_time\" content=\"2023-07-26T09:41:00+00:00\" \/>\n<meta property=\"article:modified_time\" content=\"2024-04-03T09:44:41+00:00\" \/>\n<meta property=\"og:image\" content=\"https:\/\/sefiro.de\/wp-content\/uploads\/2020\/12\/aisle-3105629_1920.jpg\" \/>\n\t<meta property=\"og:image:width\" content=\"1920\" \/>\n\t<meta property=\"og:image:height\" content=\"1280\" \/>\n\t<meta property=\"og:image:type\" content=\"image\/jpeg\" \/>\n<meta name=\"author\" content=\"Julia Rau\" \/>\n<meta name=\"twitter:card\" content=\"summary_large_image\" \/>\n<meta name=\"twitter:label1\" content=\"Written by\" \/>\n\t<meta name=\"twitter:data1\" content=\"Julia Rau\" \/>\n\t<meta name=\"twitter:label2\" content=\"Estimated reading time\" \/>\n\t<meta name=\"twitter:data2\" content=\"1 minute\" \/>\n<script type=\"application\/ld+json\" class=\"yoast-schema-graph\">{\"@context\":\"https:\/\/schema.org\",\"@graph\":[{\"@type\":\"Article\",\"@id\":\"https:\/\/sefiro.de\/2023\/07\/26\/staendiger-ausschuss-hat-verordnungsentwurf-zur-aenderung-der-verordnung-eu-2023-377-hinsichtlich-nikotin-angenommen\/#article\",\"isPartOf\":{\"@id\":\"https:\/\/sefiro.de\/2023\/07\/26\/staendiger-ausschuss-hat-verordnungsentwurf-zur-aenderung-der-verordnung-eu-2023-377-hinsichtlich-nikotin-angenommen\/\"},\"author\":{\"name\":\"Julia Rau\",\"@id\":\"https:\/\/sefiro.de\/#\/schema\/person\/8fae18c4eb743ab18f99d206493eb009\"},\"headline\":\"St\u00e4ndiger Ausschuss hat Verordnungsentwurf zur \u00c4nderung der Verordnung (EU) 2023\/377 hinsichtlich Nikotin angenommen\",\"datePublished\":\"2023-07-26T09:41:00+00:00\",\"dateModified\":\"2024-04-03T09:44:41+00:00\",\"mainEntityOfPage\":{\"@id\":\"https:\/\/sefiro.de\/2023\/07\/26\/staendiger-ausschuss-hat-verordnungsentwurf-zur-aenderung-der-verordnung-eu-2023-377-hinsichtlich-nikotin-angenommen\/\"},\"wordCount\":134,\"publisher\":{\"@id\":\"https:\/\/sefiro.de\/#organization\"},\"articleSection\":[\"Empfehlungen &amp; Verbraucherschutz\",\"Gesetze &amp; Richtlinien (Food\/Feed)\"],\"inLanguage\":\"en-GB\"},{\"@type\":\"WebPage\",\"@id\":\"https:\/\/sefiro.de\/2023\/07\/26\/staendiger-ausschuss-hat-verordnungsentwurf-zur-aenderung-der-verordnung-eu-2023-377-hinsichtlich-nikotin-angenommen\/\",\"url\":\"https:\/\/sefiro.de\/2023\/07\/26\/staendiger-ausschuss-hat-verordnungsentwurf-zur-aenderung-der-verordnung-eu-2023-377-hinsichtlich-nikotin-angenommen\/\",\"name\":\"St\u00e4ndiger Ausschuss hat Verordnungsentwurf zur \u00c4nderung der Verordnung (EU) 2023\/377 hinsichtlich Nikotin angenommen &ndash; SEFIRO GROUP\",\"isPartOf\":{\"@id\":\"https:\/\/sefiro.de\/#website\"},\"datePublished\":\"2023-07-26T09:41:00+00:00\",\"dateModified\":\"2024-04-03T09:44:41+00:00\",\"breadcrumb\":{\"@id\":\"https:\/\/sefiro.de\/2023\/07\/26\/staendiger-ausschuss-hat-verordnungsentwurf-zur-aenderung-der-verordnung-eu-2023-377-hinsichtlich-nikotin-angenommen\/#breadcrumb\"},\"inLanguage\":\"en-GB\",\"potentialAction\":[{\"@type\":\"ReadAction\",\"target\":[\"https:\/\/sefiro.de\/2023\/07\/26\/staendiger-ausschuss-hat-verordnungsentwurf-zur-aenderung-der-verordnung-eu-2023-377-hinsichtlich-nikotin-angenommen\/\"]}]},{\"@type\":\"BreadcrumbList\",\"@id\":\"https:\/\/sefiro.de\/2023\/07\/26\/staendiger-ausschuss-hat-verordnungsentwurf-zur-aenderung-der-verordnung-eu-2023-377-hinsichtlich-nikotin-angenommen\/#breadcrumb\",\"itemListElement\":[{\"@type\":\"ListItem\",\"position\":1,\"name\":\"Home\",\"item\":\"https:\/\/sefiro.de\/\"},{\"@type\":\"ListItem\",\"position\":2,\"name\":\"St\u00e4ndiger Ausschuss hat Verordnungsentwurf zur \u00c4nderung der Verordnung (EU) 2023\/377 hinsichtlich Nikotin angenommen\"}]},{\"@type\":\"WebSite\",\"@id\":\"https:\/\/sefiro.de\/#website\",\"url\":\"https:\/\/sefiro.de\/\",\"name\":\"SEFIRO GROUP\",\"description\":\"Qualit\u00e4t und Sicherheit\",\"publisher\":{\"@id\":\"https:\/\/sefiro.de\/#organization\"},\"potentialAction\":[{\"@type\":\"SearchAction\",\"target\":{\"@type\":\"EntryPoint\",\"urlTemplate\":\"https:\/\/sefiro.de\/?s={search_term_string}\"},\"query-input\":\"required name=search_term_string\"}],\"inLanguage\":\"en-GB\"},{\"@type\":\"Organization\",\"@id\":\"https:\/\/sefiro.de\/#organization\",\"name\":\"SEFIRO GROUP\",\"url\":\"https:\/\/sefiro.de\/\",\"logo\":{\"@type\":\"ImageObject\",\"inLanguage\":\"en-GB\",\"@id\":\"https:\/\/sefiro.de\/#\/schema\/logo\/image\/\",\"url\":\"https:\/\/sefiro.de\/wp-content\/uploads\/2021\/04\/SEFIRO_Logo_Group_4C_Final_21-12_WEB.jpg\",\"contentUrl\":\"https:\/\/sefiro.de\/wp-content\/uploads\/2021\/04\/SEFIRO_Logo_Group_4C_Final_21-12_WEB.jpg\",\"width\":1012,\"height\":454,\"caption\":\"SEFIRO GROUP\"},\"image\":{\"@id\":\"https:\/\/sefiro.de\/#\/schema\/logo\/image\/\"}},{\"@type\":\"Person\",\"@id\":\"https:\/\/sefiro.de\/#\/schema\/person\/8fae18c4eb743ab18f99d206493eb009\",\"name\":\"Julia Rau\",\"image\":{\"@type\":\"ImageObject\",\"inLanguage\":\"en-GB\",\"@id\":\"https:\/\/sefiro.de\/#\/schema\/person\/image\/\",\"url\":\"https:\/\/secure.gravatar.com\/avatar\/07a2e132bd3c82222edbec571358df131f0a750ff3b5a6c1963d0a05db716d0e?s=96&d=mm&r=g\",\"contentUrl\":\"https:\/\/secure.gravatar.com\/avatar\/07a2e132bd3c82222edbec571358df131f0a750ff3b5a6c1963d0a05db716d0e?s=96&d=mm&r=g\",\"caption\":\"Julia Rau\"}}]}<\/script>\n<!-- \/ Yoast SEO plugin. -->","yoast_head_json":{"title":"St\u00e4ndiger Ausschuss hat Verordnungsentwurf zur \u00c4nderung der Verordnung (EU) 2023\/377 hinsichtlich Nikotin angenommen &ndash; SEFIRO GROUP","robots":{"index":"index","follow":"follow","max-snippet":"max-snippet:-1","max-image-preview":"max-image-preview:large","max-video-preview":"max-video-preview:-1"},"canonical":"https:\/\/sefiro.de\/en\/2023\/07\/26\/staendiger-ausschuss-hat-verordnungsentwurf-zur-aenderung-der-verordnung-eu-2023-377-hinsichtlich-nikotin-angenommen\/","og_locale":"en_GB","og_type":"article","og_title":"St\u00e4ndiger Ausschuss hat Verordnungsentwurf zur \u00c4nderung der Verordnung (EU) 2023\/377 hinsichtlich Nikotin angenommen &ndash; SEFIRO GROUP","og_description":"Der St\u00e4ndige Ausschuss hat am 30.03.2023 den Verordnungsentwurf zur \u00c4nderung der Verordnung (EU) 2023\/377 bewilligt und somit wurden u.a. folgende Punkte mit aufgenommen: Aufbrauchsm\u00f6glichkeiten f\u00fcr Tee (Camellia sinensis) R\u00fcckstandsh\u00f6chstgehalte \u00c4nderungen f\u00fcr Frucht- und Samengew\u00fcrze sowie f\u00fcr Zimt Die Verordnung (EU) 2023\/377 tritt am 14. M\u00e4rz 2023 in Kraft und ist ab dem 14. September 2023 &hellip; St\u00e4ndiger Ausschuss hat Verordnungsentwurf zur \u00c4nderung der Verordnung (EU) 2023\/377 hinsichtlich Nikotin angenommen Read More &raquo;","og_url":"https:\/\/sefiro.de\/en\/2023\/07\/26\/staendiger-ausschuss-hat-verordnungsentwurf-zur-aenderung-der-verordnung-eu-2023-377-hinsichtlich-nikotin-angenommen\/","og_site_name":"SEFIRO GROUP","article_published_time":"2023-07-26T09:41:00+00:00","article_modified_time":"2024-04-03T09:44:41+00:00","og_image":[{"width":1920,"height":1280,"url":"https:\/\/sefiro.de\/wp-content\/uploads\/2020\/12\/aisle-3105629_1920.jpg","type":"image\/jpeg"}],"author":"Julia Rau","twitter_card":"summary_large_image","twitter_misc":{"Written by":"Julia Rau","Estimated reading time":"1 minute"},"schema":{"@context":"https:\/\/schema.org","@graph":[{"@type":"Article","@id":"https:\/\/sefiro.de\/2023\/07\/26\/staendiger-ausschuss-hat-verordnungsentwurf-zur-aenderung-der-verordnung-eu-2023-377-hinsichtlich-nikotin-angenommen\/#article","isPartOf":{"@id":"https:\/\/sefiro.de\/2023\/07\/26\/staendiger-ausschuss-hat-verordnungsentwurf-zur-aenderung-der-verordnung-eu-2023-377-hinsichtlich-nikotin-angenommen\/"},"author":{"name":"Julia Rau","@id":"https:\/\/sefiro.de\/#\/schema\/person\/8fae18c4eb743ab18f99d206493eb009"},"headline":"St\u00e4ndiger Ausschuss hat Verordnungsentwurf zur \u00c4nderung der Verordnung (EU) 2023\/377 hinsichtlich Nikotin angenommen","datePublished":"2023-07-26T09:41:00+00:00","dateModified":"2024-04-03T09:44:41+00:00","mainEntityOfPage":{"@id":"https:\/\/sefiro.de\/2023\/07\/26\/staendiger-ausschuss-hat-verordnungsentwurf-zur-aenderung-der-verordnung-eu-2023-377-hinsichtlich-nikotin-angenommen\/"},"wordCount":134,"publisher":{"@id":"https:\/\/sefiro.de\/#organization"},"articleSection":["Empfehlungen &amp; Verbraucherschutz","Gesetze &amp; Richtlinien (Food\/Feed)"],"inLanguage":"en-GB"},{"@type":"WebPage","@id":"https:\/\/sefiro.de\/2023\/07\/26\/staendiger-ausschuss-hat-verordnungsentwurf-zur-aenderung-der-verordnung-eu-2023-377-hinsichtlich-nikotin-angenommen\/","url":"https:\/\/sefiro.de\/2023\/07\/26\/staendiger-ausschuss-hat-verordnungsentwurf-zur-aenderung-der-verordnung-eu-2023-377-hinsichtlich-nikotin-angenommen\/","name":"St\u00e4ndiger Ausschuss hat Verordnungsentwurf zur \u00c4nderung der Verordnung (EU) 2023\/377 hinsichtlich Nikotin angenommen &ndash; SEFIRO GROUP","isPartOf":{"@id":"https:\/\/sefiro.de\/#website"},"datePublished":"2023-07-26T09:41:00+00:00","dateModified":"2024-04-03T09:44:41+00:00","breadcrumb":{"@id":"https:\/\/sefiro.de\/2023\/07\/26\/staendiger-ausschuss-hat-verordnungsentwurf-zur-aenderung-der-verordnung-eu-2023-377-hinsichtlich-nikotin-angenommen\/#breadcrumb"},"inLanguage":"en-GB","potentialAction":[{"@type":"ReadAction","target":["https:\/\/sefiro.de\/2023\/07\/26\/staendiger-ausschuss-hat-verordnungsentwurf-zur-aenderung-der-verordnung-eu-2023-377-hinsichtlich-nikotin-angenommen\/"]}]},{"@type":"BreadcrumbList","@id":"https:\/\/sefiro.de\/2023\/07\/26\/staendiger-ausschuss-hat-verordnungsentwurf-zur-aenderung-der-verordnung-eu-2023-377-hinsichtlich-nikotin-angenommen\/#breadcrumb","itemListElement":[{"@type":"ListItem","position":1,"name":"Home","item":"https:\/\/sefiro.de\/"},{"@type":"ListItem","position":2,"name":"St\u00e4ndiger Ausschuss hat Verordnungsentwurf zur \u00c4nderung der Verordnung (EU) 2023\/377 hinsichtlich Nikotin angenommen"}]},{"@type":"WebSite","@id":"https:\/\/sefiro.de\/#website","url":"https:\/\/sefiro.de\/","name":"SEFIRO GROUP","description":"Qualit\u00e4t und Sicherheit","publisher":{"@id":"https:\/\/sefiro.de\/#organization"},"potentialAction":[{"@type":"SearchAction","target":{"@type":"EntryPoint","urlTemplate":"https:\/\/sefiro.de\/?s={search_term_string}"},"query-input":"required name=search_term_string"}],"inLanguage":"en-GB"},{"@type":"Organization","@id":"https:\/\/sefiro.de\/#organization","name":"SEFIRO GROUP","url":"https:\/\/sefiro.de\/","logo":{"@type":"ImageObject","inLanguage":"en-GB","@id":"https:\/\/sefiro.de\/#\/schema\/logo\/image\/","url":"https:\/\/sefiro.de\/wp-content\/uploads\/2021\/04\/SEFIRO_Logo_Group_4C_Final_21-12_WEB.jpg","contentUrl":"https:\/\/sefiro.de\/wp-content\/uploads\/2021\/04\/SEFIRO_Logo_Group_4C_Final_21-12_WEB.jpg","width":1012,"height":454,"caption":"SEFIRO GROUP"},"image":{"@id":"https:\/\/sefiro.de\/#\/schema\/logo\/image\/"}},{"@type":"Person","@id":"https:\/\/sefiro.de\/#\/schema\/person\/8fae18c4eb743ab18f99d206493eb009","name":"Julia Rau","image":{"@type":"ImageObject","inLanguage":"en-GB","@id":"https:\/\/sefiro.de\/#\/schema\/person\/image\/","url":"https:\/\/secure.gravatar.com\/avatar\/07a2e132bd3c82222edbec571358df131f0a750ff3b5a6c1963d0a05db716d0e?s=96&d=mm&r=g","contentUrl":"https:\/\/secure.gravatar.com\/avatar\/07a2e132bd3c82222edbec571358df131f0a750ff3b5a6c1963d0a05db716d0e?s=96&d=mm&r=g","caption":"Julia Rau"}}]}},"jetpack_featured_media_url":"https:\/\/sefiro.de\/wp-content\/uploads\/2020\/12\/aisle-3105629_1920.jpg","_links":{"self":[{"href":"https:\/\/sefiro.de\/en\/wp-json\/wp\/v2\/posts\/17836","targetHints":{"allow":["GET"]}}],"collection":[{"href":"https:\/\/sefiro.de\/en\/wp-json\/wp\/v2\/posts"}],"about":[{"href":"https:\/\/sefiro.de\/en\/wp-json\/wp\/v2\/types\/post"}],"author":[{"embeddable":true,"href":"https:\/\/sefiro.de\/en\/wp-json\/wp\/v2\/users\/3"}],"replies":[{"embeddable":true,"href":"https:\/\/sefiro.de\/en\/wp-json\/wp\/v2\/comments?post=17836"}],"version-history":[{"count":7,"href":"https:\/\/sefiro.de\/en\/wp-json\/wp\/v2\/posts\/17836\/revisions"}],"predecessor-version":[{"id":17844,"href":"https:\/\/sefiro.de\/en\/wp-json\/wp\/v2\/posts\/17836\/revisions\/17844"}],"wp:featuredmedia":[{"embeddable":true,"href":"https:\/\/sefiro.de\/en\/wp-json\/wp\/v2\/media\/1531"}],"wp:attachment":[{"href":"https:\/\/sefiro.de\/en\/wp-json\/wp\/v2\/media?parent=17836"}],"wp:term":[{"taxonomy":"category","embeddable":true,"href":"https:\/\/sefiro.de\/en\/wp-json\/wp\/v2\/categories?post=17836"},{"taxonomy":"post_tag","embeddable":true,"href":"https:\/\/sefiro.de\/en\/wp-json\/wp\/v2\/tags?post=17836"}],"curies":[{"name":"wp","href":"https:\/\/api.w.org\/{rel}","templated":true}]}}