{"id":18407,"date":"2024-04-11T09:13:00","date_gmt":"2024-04-11T07:13:00","guid":{"rendered":"https:\/\/sefiro.de\/?p=18407"},"modified":"2024-09-20T09:15:04","modified_gmt":"2024-09-20T07:15:04","slug":"hoechstgehalte-fuer-deoxynivalenol-don-in-getreide-und-getreideprodukten-aktualisiert","status":"publish","type":"post","link":"https:\/\/sefiro.de\/en\/2024\/04\/11\/hoechstgehalte-fuer-deoxynivalenol-don-in-getreide-und-getreideprodukten-aktualisiert\/","title":{"rendered":"Maximum levels for deoxynivalenol (DON) in cereals and cereal products updated"},"content":{"rendered":"<div data-elementor-type=\"wp-post\" data-elementor-id=\"18407\" class=\"elementor elementor-18407\">\n\t\t\t\t\t\t\t\t\t<section class=\"elementor-section elementor-top-section elementor-element elementor-element-2de5cf29 elementor-section-boxed elementor-section-height-default elementor-section-height-default\" data-id=\"2de5cf29\" data-element_type=\"section\">\n\t\t\t\t\t\t<div class=\"elementor-container elementor-column-gap-default\">\n\t\t\t\t\t<div class=\"elementor-column elementor-col-100 elementor-top-column elementor-element elementor-element-79b4340f\" data-id=\"79b4340f\" data-element_type=\"column\">\n\t\t\t<div class=\"elementor-widget-wrap elementor-element-populated\">\n\t\t\t\t\t\t\t\t<div class=\"elementor-element elementor-element-2c51ff2f elementor-widget elementor-widget-text-editor\" data-id=\"2c51ff2f\" data-element_type=\"widget\" data-widget_type=\"text-editor.default\">\n\t\t\t\t<div class=\"elementor-widget-container\">\n\t\t\t\t\t\t\t<p><!-- wp:paragraph --><\/p><p>Commission Regulation (EU) 2024\/1022 of 8 April 2024 amending Regulation (EU) 2023\/915 as regards maximum levels for deoxynivalenol in foodstuffs has been published.<\/p><p>Among other things, the limits for \"cereals placed on the market for the final consumer, popcorn maize and popcorn\", \"bakery products, cereal snacks and breakfast cereals\" and \"pasta\" have been adjusted or lowered.<\/p><p>Regulation (EU) 2024\/1022 enters into force on 29 April 2024 and applies from 1 July 2024.<\/p><p>The entire ordinance can be viewed here:<\/p><p><a href=\"https:\/\/eur-lex.europa.eu\/legal-content\/DE\/TXT\/?uri=CELEX%3A32024R1022&amp;qid=1726568580355\" target=\"_blank\" rel=\"noopener\">https:\/\/eur-lex.europa.eu\/legal-content\/DE\/TXT\/?uri=CELEX%3A32024R1022&amp;qid=1726568580355<\/a><\/p><p>\u00a0<\/p><p><!-- \/wp:paragraph --><!-- wp:paragraph --><!-- \/wp:paragraph --><\/p>\t\t\t\t\t\t<\/div>\n\t\t\t\t<\/div>\n\t\t\t\t\t<\/div>\n\t\t<\/div>\n\t\t\t\t\t\t\t<\/div>\n\t\t<\/section>\n\t\t\t\t\t\t\t<\/div>","protected":false},"excerpt":{"rendered":"<p>Die Verordnung (EU) 2024\/1022 der Kommission vom 8. April 2024 zur \u00c4nderung der Verordnung (EU) 2023\/915 hinsichtlich der H\u00f6chstgehalte f\u00fcr Deoxynivalenol in Lebensmitteln wurde ver\u00f6ffentlicht. U.a. wurden die Grenzwerte f\u00fcr \u201eGetreide, das f\u00fcr den Endverbraucher in Verkehr gebracht wird, Popcorn-Mais und Popcorn\u201c, \u201eBackwaren, Getreide-Snacks und Fr\u00fchst\u00fcckscerealien\u201c und \u201eTeigwaren\u201c angepasst bzw. abgesenkt. Die Verordnung (EU) 2024\/1022 &hellip;<\/p>\n<p class=\"read-more\"> <a class=\"\" href=\"https:\/\/sefiro.de\/en\/2024\/04\/11\/hoechstgehalte-fuer-deoxynivalenol-don-in-getreide-und-getreideprodukten-aktualisiert\/\"> <span class=\"screen-reader-text\">Maximum levels for deoxynivalenol (DON) in cereals and cereal products updated<\/span> Read More &raquo;<\/a><\/p>","protected":false},"author":3,"featured_media":1531,"comment_status":"closed","ping_status":"closed","sticky":false,"template":"","format":"standard","meta":{"footnotes":""},"categories":[105,106],"tags":[],"class_list":["post-18407","post","type-post","status-publish","format-standard","has-post-thumbnail","hentry","category-news-empfehlungen-verbraucherschutz","category-news-gesetze-richtlinien-food-feed"],"yoast_head":"<!-- This site is optimized with the Yoast SEO plugin v20.7 - https:\/\/yoast.com\/wordpress\/plugins\/seo\/ -->\n<title>H\u00f6chstgehalte f\u00fcr Deoxynivalenol (DON) in Getreide und Getreideprodukten aktualisiert &ndash; SEFIRO GROUP<\/title>\n<meta name=\"robots\" content=\"index, follow, max-snippet:-1, max-image-preview:large, max-video-preview:-1\" \/>\n<link rel=\"canonical\" href=\"https:\/\/sefiro.de\/en\/2024\/04\/11\/hoechstgehalte-fuer-deoxynivalenol-don-in-getreide-und-getreideprodukten-aktualisiert\/\" \/>\n<meta property=\"og:locale\" content=\"en_GB\" \/>\n<meta property=\"og:type\" content=\"article\" \/>\n<meta property=\"og:title\" content=\"H\u00f6chstgehalte f\u00fcr Deoxynivalenol (DON) in Getreide und Getreideprodukten aktualisiert &ndash; SEFIRO GROUP\" \/>\n<meta property=\"og:description\" content=\"Die Verordnung (EU) 2024\/1022 der Kommission vom 8. April 2024 zur \u00c4nderung der Verordnung (EU) 2023\/915 hinsichtlich der H\u00f6chstgehalte f\u00fcr Deoxynivalenol in Lebensmitteln wurde ver\u00f6ffentlicht. U.a. wurden die Grenzwerte f\u00fcr \u201eGetreide, das f\u00fcr den Endverbraucher in Verkehr gebracht wird, Popcorn-Mais und Popcorn\u201c, \u201eBackwaren, Getreide-Snacks und Fr\u00fchst\u00fcckscerealien\u201c und \u201eTeigwaren\u201c angepasst bzw. abgesenkt. Die Verordnung (EU) 2024\/1022 &hellip; H\u00f6chstgehalte f\u00fcr Deoxynivalenol (DON) in Getreide und Getreideprodukten aktualisiert Read More &raquo;\" \/>\n<meta property=\"og:url\" content=\"https:\/\/sefiro.de\/en\/2024\/04\/11\/hoechstgehalte-fuer-deoxynivalenol-don-in-getreide-und-getreideprodukten-aktualisiert\/\" \/>\n<meta property=\"og:site_name\" content=\"SEFIRO GROUP\" \/>\n<meta property=\"article:published_time\" content=\"2024-04-11T07:13:00+00:00\" \/>\n<meta property=\"article:modified_time\" content=\"2024-09-20T07:15:04+00:00\" \/>\n<meta property=\"og:image\" content=\"https:\/\/sefiro.de\/wp-content\/uploads\/2020\/12\/aisle-3105629_1920.jpg\" \/>\n\t<meta property=\"og:image:width\" content=\"1920\" \/>\n\t<meta property=\"og:image:height\" content=\"1280\" \/>\n\t<meta property=\"og:image:type\" content=\"image\/jpeg\" \/>\n<meta name=\"author\" content=\"Julia Rau\" \/>\n<meta name=\"twitter:card\" content=\"summary_large_image\" \/>\n<meta name=\"twitter:label1\" content=\"Written by\" \/>\n\t<meta name=\"twitter:data1\" content=\"Julia Rau\" \/>\n\t<meta name=\"twitter:label2\" content=\"Estimated reading time\" \/>\n\t<meta name=\"twitter:data2\" content=\"1 minute\" \/>\n<script type=\"application\/ld+json\" class=\"yoast-schema-graph\">{\"@context\":\"https:\/\/schema.org\",\"@graph\":[{\"@type\":\"Article\",\"@id\":\"https:\/\/sefiro.de\/2024\/04\/11\/hoechstgehalte-fuer-deoxynivalenol-don-in-getreide-und-getreideprodukten-aktualisiert\/#article\",\"isPartOf\":{\"@id\":\"https:\/\/sefiro.de\/2024\/04\/11\/hoechstgehalte-fuer-deoxynivalenol-don-in-getreide-und-getreideprodukten-aktualisiert\/\"},\"author\":{\"name\":\"Julia Rau\",\"@id\":\"https:\/\/sefiro.de\/#\/schema\/person\/8fae18c4eb743ab18f99d206493eb009\"},\"headline\":\"H\u00f6chstgehalte f\u00fcr Deoxynivalenol (DON) in Getreide und Getreideprodukten aktualisiert\",\"datePublished\":\"2024-04-11T07:13:00+00:00\",\"dateModified\":\"2024-09-20T07:15:04+00:00\",\"mainEntityOfPage\":{\"@id\":\"https:\/\/sefiro.de\/2024\/04\/11\/hoechstgehalte-fuer-deoxynivalenol-don-in-getreide-und-getreideprodukten-aktualisiert\/\"},\"wordCount\":98,\"publisher\":{\"@id\":\"https:\/\/sefiro.de\/#organization\"},\"articleSection\":[\"Empfehlungen &amp; Verbraucherschutz\",\"Gesetze &amp; Richtlinien (Food\/Feed)\"],\"inLanguage\":\"en-GB\"},{\"@type\":\"WebPage\",\"@id\":\"https:\/\/sefiro.de\/2024\/04\/11\/hoechstgehalte-fuer-deoxynivalenol-don-in-getreide-und-getreideprodukten-aktualisiert\/\",\"url\":\"https:\/\/sefiro.de\/2024\/04\/11\/hoechstgehalte-fuer-deoxynivalenol-don-in-getreide-und-getreideprodukten-aktualisiert\/\",\"name\":\"H\u00f6chstgehalte f\u00fcr Deoxynivalenol (DON) in Getreide und Getreideprodukten aktualisiert &ndash; SEFIRO GROUP\",\"isPartOf\":{\"@id\":\"https:\/\/sefiro.de\/#website\"},\"datePublished\":\"2024-04-11T07:13:00+00:00\",\"dateModified\":\"2024-09-20T07:15:04+00:00\",\"breadcrumb\":{\"@id\":\"https:\/\/sefiro.de\/2024\/04\/11\/hoechstgehalte-fuer-deoxynivalenol-don-in-getreide-und-getreideprodukten-aktualisiert\/#breadcrumb\"},\"inLanguage\":\"en-GB\",\"potentialAction\":[{\"@type\":\"ReadAction\",\"target\":[\"https:\/\/sefiro.de\/2024\/04\/11\/hoechstgehalte-fuer-deoxynivalenol-don-in-getreide-und-getreideprodukten-aktualisiert\/\"]}]},{\"@type\":\"BreadcrumbList\",\"@id\":\"https:\/\/sefiro.de\/2024\/04\/11\/hoechstgehalte-fuer-deoxynivalenol-don-in-getreide-und-getreideprodukten-aktualisiert\/#breadcrumb\",\"itemListElement\":[{\"@type\":\"ListItem\",\"position\":1,\"name\":\"Home\",\"item\":\"https:\/\/sefiro.de\/\"},{\"@type\":\"ListItem\",\"position\":2,\"name\":\"H\u00f6chstgehalte f\u00fcr Deoxynivalenol (DON) in Getreide und Getreideprodukten aktualisiert\"}]},{\"@type\":\"WebSite\",\"@id\":\"https:\/\/sefiro.de\/#website\",\"url\":\"https:\/\/sefiro.de\/\",\"name\":\"SEFIRO GROUP\",\"description\":\"Qualit\u00e4t und Sicherheit\",\"publisher\":{\"@id\":\"https:\/\/sefiro.de\/#organization\"},\"potentialAction\":[{\"@type\":\"SearchAction\",\"target\":{\"@type\":\"EntryPoint\",\"urlTemplate\":\"https:\/\/sefiro.de\/?s={search_term_string}\"},\"query-input\":\"required name=search_term_string\"}],\"inLanguage\":\"en-GB\"},{\"@type\":\"Organization\",\"@id\":\"https:\/\/sefiro.de\/#organization\",\"name\":\"SEFIRO GROUP\",\"url\":\"https:\/\/sefiro.de\/\",\"logo\":{\"@type\":\"ImageObject\",\"inLanguage\":\"en-GB\",\"@id\":\"https:\/\/sefiro.de\/#\/schema\/logo\/image\/\",\"url\":\"https:\/\/sefiro.de\/wp-content\/uploads\/2021\/04\/SEFIRO_Logo_Group_4C_Final_21-12_WEB.jpg\",\"contentUrl\":\"https:\/\/sefiro.de\/wp-content\/uploads\/2021\/04\/SEFIRO_Logo_Group_4C_Final_21-12_WEB.jpg\",\"width\":1012,\"height\":454,\"caption\":\"SEFIRO GROUP\"},\"image\":{\"@id\":\"https:\/\/sefiro.de\/#\/schema\/logo\/image\/\"}},{\"@type\":\"Person\",\"@id\":\"https:\/\/sefiro.de\/#\/schema\/person\/8fae18c4eb743ab18f99d206493eb009\",\"name\":\"Julia Rau\",\"image\":{\"@type\":\"ImageObject\",\"inLanguage\":\"en-GB\",\"@id\":\"https:\/\/sefiro.de\/#\/schema\/person\/image\/\",\"url\":\"https:\/\/secure.gravatar.com\/avatar\/07a2e132bd3c82222edbec571358df131f0a750ff3b5a6c1963d0a05db716d0e?s=96&d=mm&r=g\",\"contentUrl\":\"https:\/\/secure.gravatar.com\/avatar\/07a2e132bd3c82222edbec571358df131f0a750ff3b5a6c1963d0a05db716d0e?s=96&d=mm&r=g\",\"caption\":\"Julia Rau\"}}]}<\/script>\n<!-- \/ Yoast SEO plugin. -->","yoast_head_json":{"title":"H\u00f6chstgehalte f\u00fcr Deoxynivalenol (DON) in Getreide und Getreideprodukten aktualisiert &ndash; SEFIRO GROUP","robots":{"index":"index","follow":"follow","max-snippet":"max-snippet:-1","max-image-preview":"max-image-preview:large","max-video-preview":"max-video-preview:-1"},"canonical":"https:\/\/sefiro.de\/en\/2024\/04\/11\/hoechstgehalte-fuer-deoxynivalenol-don-in-getreide-und-getreideprodukten-aktualisiert\/","og_locale":"en_GB","og_type":"article","og_title":"H\u00f6chstgehalte f\u00fcr Deoxynivalenol (DON) in Getreide und Getreideprodukten aktualisiert &ndash; SEFIRO GROUP","og_description":"Die Verordnung (EU) 2024\/1022 der Kommission vom 8. April 2024 zur \u00c4nderung der Verordnung (EU) 2023\/915 hinsichtlich der H\u00f6chstgehalte f\u00fcr Deoxynivalenol in Lebensmitteln wurde ver\u00f6ffentlicht. U.a. wurden die Grenzwerte f\u00fcr \u201eGetreide, das f\u00fcr den Endverbraucher in Verkehr gebracht wird, Popcorn-Mais und Popcorn\u201c, \u201eBackwaren, Getreide-Snacks und Fr\u00fchst\u00fcckscerealien\u201c und \u201eTeigwaren\u201c angepasst bzw. abgesenkt. Die Verordnung (EU) 2024\/1022 &hellip; H\u00f6chstgehalte f\u00fcr Deoxynivalenol (DON) in Getreide und Getreideprodukten aktualisiert Read More &raquo;","og_url":"https:\/\/sefiro.de\/en\/2024\/04\/11\/hoechstgehalte-fuer-deoxynivalenol-don-in-getreide-und-getreideprodukten-aktualisiert\/","og_site_name":"SEFIRO GROUP","article_published_time":"2024-04-11T07:13:00+00:00","article_modified_time":"2024-09-20T07:15:04+00:00","og_image":[{"width":1920,"height":1280,"url":"https:\/\/sefiro.de\/wp-content\/uploads\/2020\/12\/aisle-3105629_1920.jpg","type":"image\/jpeg"}],"author":"Julia Rau","twitter_card":"summary_large_image","twitter_misc":{"Written by":"Julia Rau","Estimated reading time":"1 minute"},"schema":{"@context":"https:\/\/schema.org","@graph":[{"@type":"Article","@id":"https:\/\/sefiro.de\/2024\/04\/11\/hoechstgehalte-fuer-deoxynivalenol-don-in-getreide-und-getreideprodukten-aktualisiert\/#article","isPartOf":{"@id":"https:\/\/sefiro.de\/2024\/04\/11\/hoechstgehalte-fuer-deoxynivalenol-don-in-getreide-und-getreideprodukten-aktualisiert\/"},"author":{"name":"Julia Rau","@id":"https:\/\/sefiro.de\/#\/schema\/person\/8fae18c4eb743ab18f99d206493eb009"},"headline":"H\u00f6chstgehalte f\u00fcr Deoxynivalenol (DON) in Getreide und Getreideprodukten aktualisiert","datePublished":"2024-04-11T07:13:00+00:00","dateModified":"2024-09-20T07:15:04+00:00","mainEntityOfPage":{"@id":"https:\/\/sefiro.de\/2024\/04\/11\/hoechstgehalte-fuer-deoxynivalenol-don-in-getreide-und-getreideprodukten-aktualisiert\/"},"wordCount":98,"publisher":{"@id":"https:\/\/sefiro.de\/#organization"},"articleSection":["Empfehlungen &amp; Verbraucherschutz","Gesetze &amp; Richtlinien (Food\/Feed)"],"inLanguage":"en-GB"},{"@type":"WebPage","@id":"https:\/\/sefiro.de\/2024\/04\/11\/hoechstgehalte-fuer-deoxynivalenol-don-in-getreide-und-getreideprodukten-aktualisiert\/","url":"https:\/\/sefiro.de\/2024\/04\/11\/hoechstgehalte-fuer-deoxynivalenol-don-in-getreide-und-getreideprodukten-aktualisiert\/","name":"H\u00f6chstgehalte f\u00fcr Deoxynivalenol (DON) in Getreide und Getreideprodukten aktualisiert &ndash; SEFIRO GROUP","isPartOf":{"@id":"https:\/\/sefiro.de\/#website"},"datePublished":"2024-04-11T07:13:00+00:00","dateModified":"2024-09-20T07:15:04+00:00","breadcrumb":{"@id":"https:\/\/sefiro.de\/2024\/04\/11\/hoechstgehalte-fuer-deoxynivalenol-don-in-getreide-und-getreideprodukten-aktualisiert\/#breadcrumb"},"inLanguage":"en-GB","potentialAction":[{"@type":"ReadAction","target":["https:\/\/sefiro.de\/2024\/04\/11\/hoechstgehalte-fuer-deoxynivalenol-don-in-getreide-und-getreideprodukten-aktualisiert\/"]}]},{"@type":"BreadcrumbList","@id":"https:\/\/sefiro.de\/2024\/04\/11\/hoechstgehalte-fuer-deoxynivalenol-don-in-getreide-und-getreideprodukten-aktualisiert\/#breadcrumb","itemListElement":[{"@type":"ListItem","position":1,"name":"Home","item":"https:\/\/sefiro.de\/"},{"@type":"ListItem","position":2,"name":"H\u00f6chstgehalte f\u00fcr Deoxynivalenol (DON) in Getreide und Getreideprodukten aktualisiert"}]},{"@type":"WebSite","@id":"https:\/\/sefiro.de\/#website","url":"https:\/\/sefiro.de\/","name":"SEFIRO GROUP","description":"Qualit\u00e4t und Sicherheit","publisher":{"@id":"https:\/\/sefiro.de\/#organization"},"potentialAction":[{"@type":"SearchAction","target":{"@type":"EntryPoint","urlTemplate":"https:\/\/sefiro.de\/?s={search_term_string}"},"query-input":"required name=search_term_string"}],"inLanguage":"en-GB"},{"@type":"Organization","@id":"https:\/\/sefiro.de\/#organization","name":"SEFIRO GROUP","url":"https:\/\/sefiro.de\/","logo":{"@type":"ImageObject","inLanguage":"en-GB","@id":"https:\/\/sefiro.de\/#\/schema\/logo\/image\/","url":"https:\/\/sefiro.de\/wp-content\/uploads\/2021\/04\/SEFIRO_Logo_Group_4C_Final_21-12_WEB.jpg","contentUrl":"https:\/\/sefiro.de\/wp-content\/uploads\/2021\/04\/SEFIRO_Logo_Group_4C_Final_21-12_WEB.jpg","width":1012,"height":454,"caption":"SEFIRO GROUP"},"image":{"@id":"https:\/\/sefiro.de\/#\/schema\/logo\/image\/"}},{"@type":"Person","@id":"https:\/\/sefiro.de\/#\/schema\/person\/8fae18c4eb743ab18f99d206493eb009","name":"Julia Rau","image":{"@type":"ImageObject","inLanguage":"en-GB","@id":"https:\/\/sefiro.de\/#\/schema\/person\/image\/","url":"https:\/\/secure.gravatar.com\/avatar\/07a2e132bd3c82222edbec571358df131f0a750ff3b5a6c1963d0a05db716d0e?s=96&d=mm&r=g","contentUrl":"https:\/\/secure.gravatar.com\/avatar\/07a2e132bd3c82222edbec571358df131f0a750ff3b5a6c1963d0a05db716d0e?s=96&d=mm&r=g","caption":"Julia Rau"}}]}},"jetpack_featured_media_url":"https:\/\/sefiro.de\/wp-content\/uploads\/2020\/12\/aisle-3105629_1920.jpg","_links":{"self":[{"href":"https:\/\/sefiro.de\/en\/wp-json\/wp\/v2\/posts\/18407","targetHints":{"allow":["GET"]}}],"collection":[{"href":"https:\/\/sefiro.de\/en\/wp-json\/wp\/v2\/posts"}],"about":[{"href":"https:\/\/sefiro.de\/en\/wp-json\/wp\/v2\/types\/post"}],"author":[{"embeddable":true,"href":"https:\/\/sefiro.de\/en\/wp-json\/wp\/v2\/users\/3"}],"replies":[{"embeddable":true,"href":"https:\/\/sefiro.de\/en\/wp-json\/wp\/v2\/comments?post=18407"}],"version-history":[{"count":4,"href":"https:\/\/sefiro.de\/en\/wp-json\/wp\/v2\/posts\/18407\/revisions"}],"predecessor-version":[{"id":18412,"href":"https:\/\/sefiro.de\/en\/wp-json\/wp\/v2\/posts\/18407\/revisions\/18412"}],"wp:featuredmedia":[{"embeddable":true,"href":"https:\/\/sefiro.de\/en\/wp-json\/wp\/v2\/media\/1531"}],"wp:attachment":[{"href":"https:\/\/sefiro.de\/en\/wp-json\/wp\/v2\/media?parent=18407"}],"wp:term":[{"taxonomy":"category","embeddable":true,"href":"https:\/\/sefiro.de\/en\/wp-json\/wp\/v2\/categories?post=18407"},{"taxonomy":"post_tag","embeddable":true,"href":"https:\/\/sefiro.de\/en\/wp-json\/wp\/v2\/tags?post=18407"}],"curies":[{"name":"wp","href":"https:\/\/api.w.org\/{rel}","templated":true}]}}