{"id":18419,"date":"2024-04-18T12:49:00","date_gmt":"2024-04-18T10:49:00","guid":{"rendered":"https:\/\/sefiro.de\/?p=18419"},"modified":"2024-09-20T12:52:14","modified_gmt":"2024-09-20T10:52:14","slug":"aenderungen-der-leitsaetze-fuer-speisefette-und-speiseoele-veroeffentlicht","status":"publish","type":"post","link":"https:\/\/sefiro.de\/en\/2024\/04\/18\/aenderungen-der-leitsaetze-fuer-speisefette-und-speiseoele-veroeffentlicht\/","title":{"rendered":"Amendments to the guidelines for edible fats and oils published"},"content":{"rendered":"<div data-elementor-type=\"wp-post\" data-elementor-id=\"18419\" class=\"elementor elementor-18419\">\n\t\t\t\t\t\t\t\t\t<section class=\"elementor-section elementor-top-section elementor-element elementor-element-458c6d55 elementor-section-boxed elementor-section-height-default elementor-section-height-default\" data-id=\"458c6d55\" data-element_type=\"section\">\n\t\t\t\t\t\t<div class=\"elementor-container elementor-column-gap-default\">\n\t\t\t\t\t<div class=\"elementor-column elementor-col-100 elementor-top-column elementor-element elementor-element-3ece2ece\" data-id=\"3ece2ece\" data-element_type=\"column\">\n\t\t\t<div class=\"elementor-widget-wrap elementor-element-populated\">\n\t\t\t\t\t\t\t\t<div class=\"elementor-element elementor-element-6d5e90ac elementor-widget elementor-widget-text-editor\" data-id=\"6d5e90ac\" data-element_type=\"widget\" data-widget_type=\"text-editor.default\">\n\t\t\t\t<div class=\"elementor-widget-container\">\n\t\t\t\t\t\t\t<p><!-- wp:paragraph --><\/p><p>In April 2024, the Federal Gazette published the amendment to the guidelines of the German Food Codex for edible fats and edible oils.<\/p><p>These were also published on the homepage of the Federal Ministry of Food and Agriculture (BMEL)  on 16 May 2024.\n\n\nYou can view the guidelines for edible fats and oils dated 18.04.2024 here:<\/p><p><a href=\"https:\/\/www.bmel.de\/SharedDocs\/Downloads\/DE\/_Ernaehrung\/Lebensmittel-Kennzeichnung\/LeitsaetzeSpeisefette.html\" target=\"_blank\" rel=\"noopener\">https:\/\/www.bmel.de\/SharedDocs\/Downloads\/DE\/_Ernaehrung\/Lebensmittel-Kennzeichnung\/LeitsaetzeSpeisefette.html<\/a><\/p><p>\u00a0<\/p><p><!-- \/wp:paragraph --><!-- wp:paragraph --><!-- \/wp:paragraph --><\/p>\t\t\t\t\t\t<\/div>\n\t\t\t\t<\/div>\n\t\t\t\t\t<\/div>\n\t\t<\/div>\n\t\t\t\t\t\t\t<\/div>\n\t\t<\/section>\n\t\t\t\t\t\t\t<\/div>","protected":false},"excerpt":{"rendered":"<p>Im April 2024 ver\u00f6ffentlichte der Bundesanzeiger die \u00c4nderung der Leits\u00e4tze des Deutschen Lebensmittelbuchs f\u00fcr Speisefette und Speise\u00f6le. Diese wurden am 16.05.2024 auch auf der Homepage des Bundesministerium f\u00fcr Ern\u00e4hrung und Landwirtschaft (BMEL) eingestellt. Die Leits\u00e4tze f\u00fcr Speisefette und Speise\u00f6le vom 18.04.2024 k\u00f6nnen Sie hier einsehen: https:\/\/www.bmel.de\/SharedDocs\/Downloads\/DE\/_Ernaehrung\/Lebensmittel-Kennzeichnung\/LeitsaetzeSpeisefette.html \u00a0<\/p>","protected":false},"author":3,"featured_media":2800,"comment_status":"closed","ping_status":"closed","sticky":false,"template":"","format":"standard","meta":{"footnotes":""},"categories":[105,106],"tags":[],"class_list":["post-18419","post","type-post","status-publish","format-standard","has-post-thumbnail","hentry","category-news-empfehlungen-verbraucherschutz","category-news-gesetze-richtlinien-food-feed"],"yoast_head":"<!-- This site is optimized with the Yoast SEO plugin v20.7 - https:\/\/yoast.com\/wordpress\/plugins\/seo\/ -->\n<title>\u00c4nderungen der Leits\u00e4tze f\u00fcr Speisefette und Speise\u00f6le ver\u00f6ffentlicht &ndash; SEFIRO GROUP<\/title>\n<meta name=\"robots\" content=\"index, follow, max-snippet:-1, max-image-preview:large, max-video-preview:-1\" \/>\n<link rel=\"canonical\" href=\"https:\/\/sefiro.de\/en\/2024\/04\/18\/aenderungen-der-leitsaetze-fuer-speisefette-und-speiseoele-veroeffentlicht\/\" \/>\n<meta property=\"og:locale\" content=\"en_GB\" \/>\n<meta property=\"og:type\" content=\"article\" \/>\n<meta property=\"og:title\" content=\"\u00c4nderungen der Leits\u00e4tze f\u00fcr Speisefette und Speise\u00f6le ver\u00f6ffentlicht &ndash; SEFIRO GROUP\" \/>\n<meta property=\"og:description\" content=\"Im April 2024 ver\u00f6ffentlichte der Bundesanzeiger die \u00c4nderung der Leits\u00e4tze des Deutschen Lebensmittelbuchs f\u00fcr Speisefette und Speise\u00f6le. Diese wurden am 16.05.2024 auch auf der Homepage des Bundesministerium f\u00fcr Ern\u00e4hrung und Landwirtschaft (BMEL) eingestellt. Die Leits\u00e4tze f\u00fcr Speisefette und Speise\u00f6le vom 18.04.2024 k\u00f6nnen Sie hier einsehen: https:\/\/www.bmel.de\/SharedDocs\/Downloads\/DE\/_Ernaehrung\/Lebensmittel-Kennzeichnung\/LeitsaetzeSpeisefette.html \u00a0\" \/>\n<meta property=\"og:url\" content=\"https:\/\/sefiro.de\/en\/2024\/04\/18\/aenderungen-der-leitsaetze-fuer-speisefette-und-speiseoele-veroeffentlicht\/\" \/>\n<meta property=\"og:site_name\" content=\"SEFIRO GROUP\" \/>\n<meta property=\"article:published_time\" content=\"2024-04-18T10:49:00+00:00\" \/>\n<meta property=\"article:modified_time\" content=\"2024-09-20T10:52:14+00:00\" \/>\n<meta property=\"og:image\" content=\"https:\/\/sefiro.de\/wp-content\/uploads\/2021\/02\/KAT_Empfehluingen-und-Verbraucherschutz.jpg\" \/>\n\t<meta property=\"og:image:width\" content=\"1920\" \/>\n\t<meta property=\"og:image:height\" content=\"944\" \/>\n\t<meta property=\"og:image:type\" content=\"image\/jpeg\" \/>\n<meta name=\"author\" content=\"Julia Rau\" \/>\n<meta name=\"twitter:card\" content=\"summary_large_image\" \/>\n<meta name=\"twitter:label1\" content=\"Written by\" \/>\n\t<meta name=\"twitter:data1\" content=\"Julia Rau\" \/>\n\t<meta name=\"twitter:label2\" content=\"Estimated reading time\" \/>\n\t<meta name=\"twitter:data2\" content=\"1 minute\" \/>\n<script type=\"application\/ld+json\" class=\"yoast-schema-graph\">{\"@context\":\"https:\/\/schema.org\",\"@graph\":[{\"@type\":\"Article\",\"@id\":\"https:\/\/sefiro.de\/2024\/04\/18\/aenderungen-der-leitsaetze-fuer-speisefette-und-speiseoele-veroeffentlicht\/#article\",\"isPartOf\":{\"@id\":\"https:\/\/sefiro.de\/2024\/04\/18\/aenderungen-der-leitsaetze-fuer-speisefette-und-speiseoele-veroeffentlicht\/\"},\"author\":{\"name\":\"Julia Rau\",\"@id\":\"https:\/\/sefiro.de\/#\/schema\/person\/8fae18c4eb743ab18f99d206493eb009\"},\"headline\":\"\u00c4nderungen der Leits\u00e4tze f\u00fcr Speisefette und Speise\u00f6le ver\u00f6ffentlicht\",\"datePublished\":\"2024-04-18T10:49:00+00:00\",\"dateModified\":\"2024-09-20T10:52:14+00:00\",\"mainEntityOfPage\":{\"@id\":\"https:\/\/sefiro.de\/2024\/04\/18\/aenderungen-der-leitsaetze-fuer-speisefette-und-speiseoele-veroeffentlicht\/\"},\"wordCount\":75,\"publisher\":{\"@id\":\"https:\/\/sefiro.de\/#organization\"},\"articleSection\":[\"Empfehlungen &amp; Verbraucherschutz\",\"Gesetze &amp; Richtlinien (Food\/Feed)\"],\"inLanguage\":\"en-GB\"},{\"@type\":\"WebPage\",\"@id\":\"https:\/\/sefiro.de\/2024\/04\/18\/aenderungen-der-leitsaetze-fuer-speisefette-und-speiseoele-veroeffentlicht\/\",\"url\":\"https:\/\/sefiro.de\/2024\/04\/18\/aenderungen-der-leitsaetze-fuer-speisefette-und-speiseoele-veroeffentlicht\/\",\"name\":\"\u00c4nderungen der Leits\u00e4tze f\u00fcr Speisefette und Speise\u00f6le ver\u00f6ffentlicht &ndash; SEFIRO GROUP\",\"isPartOf\":{\"@id\":\"https:\/\/sefiro.de\/#website\"},\"datePublished\":\"2024-04-18T10:49:00+00:00\",\"dateModified\":\"2024-09-20T10:52:14+00:00\",\"breadcrumb\":{\"@id\":\"https:\/\/sefiro.de\/2024\/04\/18\/aenderungen-der-leitsaetze-fuer-speisefette-und-speiseoele-veroeffentlicht\/#breadcrumb\"},\"inLanguage\":\"en-GB\",\"potentialAction\":[{\"@type\":\"ReadAction\",\"target\":[\"https:\/\/sefiro.de\/2024\/04\/18\/aenderungen-der-leitsaetze-fuer-speisefette-und-speiseoele-veroeffentlicht\/\"]}]},{\"@type\":\"BreadcrumbList\",\"@id\":\"https:\/\/sefiro.de\/2024\/04\/18\/aenderungen-der-leitsaetze-fuer-speisefette-und-speiseoele-veroeffentlicht\/#breadcrumb\",\"itemListElement\":[{\"@type\":\"ListItem\",\"position\":1,\"name\":\"Home\",\"item\":\"https:\/\/sefiro.de\/\"},{\"@type\":\"ListItem\",\"position\":2,\"name\":\"\u00c4nderungen der Leits\u00e4tze f\u00fcr Speisefette und Speise\u00f6le ver\u00f6ffentlicht\"}]},{\"@type\":\"WebSite\",\"@id\":\"https:\/\/sefiro.de\/#website\",\"url\":\"https:\/\/sefiro.de\/\",\"name\":\"SEFIRO GROUP\",\"description\":\"Qualit\u00e4t und Sicherheit\",\"publisher\":{\"@id\":\"https:\/\/sefiro.de\/#organization\"},\"potentialAction\":[{\"@type\":\"SearchAction\",\"target\":{\"@type\":\"EntryPoint\",\"urlTemplate\":\"https:\/\/sefiro.de\/?s={search_term_string}\"},\"query-input\":\"required name=search_term_string\"}],\"inLanguage\":\"en-GB\"},{\"@type\":\"Organization\",\"@id\":\"https:\/\/sefiro.de\/#organization\",\"name\":\"SEFIRO GROUP\",\"url\":\"https:\/\/sefiro.de\/\",\"logo\":{\"@type\":\"ImageObject\",\"inLanguage\":\"en-GB\",\"@id\":\"https:\/\/sefiro.de\/#\/schema\/logo\/image\/\",\"url\":\"https:\/\/sefiro.de\/wp-content\/uploads\/2021\/04\/SEFIRO_Logo_Group_4C_Final_21-12_WEB.jpg\",\"contentUrl\":\"https:\/\/sefiro.de\/wp-content\/uploads\/2021\/04\/SEFIRO_Logo_Group_4C_Final_21-12_WEB.jpg\",\"width\":1012,\"height\":454,\"caption\":\"SEFIRO GROUP\"},\"image\":{\"@id\":\"https:\/\/sefiro.de\/#\/schema\/logo\/image\/\"}},{\"@type\":\"Person\",\"@id\":\"https:\/\/sefiro.de\/#\/schema\/person\/8fae18c4eb743ab18f99d206493eb009\",\"name\":\"Julia Rau\",\"image\":{\"@type\":\"ImageObject\",\"inLanguage\":\"en-GB\",\"@id\":\"https:\/\/sefiro.de\/#\/schema\/person\/image\/\",\"url\":\"https:\/\/secure.gravatar.com\/avatar\/07a2e132bd3c82222edbec571358df131f0a750ff3b5a6c1963d0a05db716d0e?s=96&d=mm&r=g\",\"contentUrl\":\"https:\/\/secure.gravatar.com\/avatar\/07a2e132bd3c82222edbec571358df131f0a750ff3b5a6c1963d0a05db716d0e?s=96&d=mm&r=g\",\"caption\":\"Julia Rau\"}}]}<\/script>\n<!-- \/ Yoast SEO plugin. -->","yoast_head_json":{"title":"\u00c4nderungen der Leits\u00e4tze f\u00fcr Speisefette und Speise\u00f6le ver\u00f6ffentlicht &ndash; SEFIRO GROUP","robots":{"index":"index","follow":"follow","max-snippet":"max-snippet:-1","max-image-preview":"max-image-preview:large","max-video-preview":"max-video-preview:-1"},"canonical":"https:\/\/sefiro.de\/en\/2024\/04\/18\/aenderungen-der-leitsaetze-fuer-speisefette-und-speiseoele-veroeffentlicht\/","og_locale":"en_GB","og_type":"article","og_title":"\u00c4nderungen der Leits\u00e4tze f\u00fcr Speisefette und Speise\u00f6le ver\u00f6ffentlicht &ndash; SEFIRO GROUP","og_description":"Im April 2024 ver\u00f6ffentlichte der Bundesanzeiger die \u00c4nderung der Leits\u00e4tze des Deutschen Lebensmittelbuchs f\u00fcr Speisefette und Speise\u00f6le. Diese wurden am 16.05.2024 auch auf der Homepage des Bundesministerium f\u00fcr Ern\u00e4hrung und Landwirtschaft (BMEL) eingestellt. Die Leits\u00e4tze f\u00fcr Speisefette und Speise\u00f6le vom 18.04.2024 k\u00f6nnen Sie hier einsehen: https:\/\/www.bmel.de\/SharedDocs\/Downloads\/DE\/_Ernaehrung\/Lebensmittel-Kennzeichnung\/LeitsaetzeSpeisefette.html \u00a0","og_url":"https:\/\/sefiro.de\/en\/2024\/04\/18\/aenderungen-der-leitsaetze-fuer-speisefette-und-speiseoele-veroeffentlicht\/","og_site_name":"SEFIRO GROUP","article_published_time":"2024-04-18T10:49:00+00:00","article_modified_time":"2024-09-20T10:52:14+00:00","og_image":[{"width":1920,"height":944,"url":"https:\/\/sefiro.de\/wp-content\/uploads\/2021\/02\/KAT_Empfehluingen-und-Verbraucherschutz.jpg","type":"image\/jpeg"}],"author":"Julia Rau","twitter_card":"summary_large_image","twitter_misc":{"Written by":"Julia Rau","Estimated reading time":"1 minute"},"schema":{"@context":"https:\/\/schema.org","@graph":[{"@type":"Article","@id":"https:\/\/sefiro.de\/2024\/04\/18\/aenderungen-der-leitsaetze-fuer-speisefette-und-speiseoele-veroeffentlicht\/#article","isPartOf":{"@id":"https:\/\/sefiro.de\/2024\/04\/18\/aenderungen-der-leitsaetze-fuer-speisefette-und-speiseoele-veroeffentlicht\/"},"author":{"name":"Julia Rau","@id":"https:\/\/sefiro.de\/#\/schema\/person\/8fae18c4eb743ab18f99d206493eb009"},"headline":"\u00c4nderungen der Leits\u00e4tze f\u00fcr Speisefette und Speise\u00f6le ver\u00f6ffentlicht","datePublished":"2024-04-18T10:49:00+00:00","dateModified":"2024-09-20T10:52:14+00:00","mainEntityOfPage":{"@id":"https:\/\/sefiro.de\/2024\/04\/18\/aenderungen-der-leitsaetze-fuer-speisefette-und-speiseoele-veroeffentlicht\/"},"wordCount":75,"publisher":{"@id":"https:\/\/sefiro.de\/#organization"},"articleSection":["Empfehlungen &amp; Verbraucherschutz","Gesetze &amp; Richtlinien (Food\/Feed)"],"inLanguage":"en-GB"},{"@type":"WebPage","@id":"https:\/\/sefiro.de\/2024\/04\/18\/aenderungen-der-leitsaetze-fuer-speisefette-und-speiseoele-veroeffentlicht\/","url":"https:\/\/sefiro.de\/2024\/04\/18\/aenderungen-der-leitsaetze-fuer-speisefette-und-speiseoele-veroeffentlicht\/","name":"\u00c4nderungen der Leits\u00e4tze f\u00fcr Speisefette und Speise\u00f6le ver\u00f6ffentlicht &ndash; SEFIRO GROUP","isPartOf":{"@id":"https:\/\/sefiro.de\/#website"},"datePublished":"2024-04-18T10:49:00+00:00","dateModified":"2024-09-20T10:52:14+00:00","breadcrumb":{"@id":"https:\/\/sefiro.de\/2024\/04\/18\/aenderungen-der-leitsaetze-fuer-speisefette-und-speiseoele-veroeffentlicht\/#breadcrumb"},"inLanguage":"en-GB","potentialAction":[{"@type":"ReadAction","target":["https:\/\/sefiro.de\/2024\/04\/18\/aenderungen-der-leitsaetze-fuer-speisefette-und-speiseoele-veroeffentlicht\/"]}]},{"@type":"BreadcrumbList","@id":"https:\/\/sefiro.de\/2024\/04\/18\/aenderungen-der-leitsaetze-fuer-speisefette-und-speiseoele-veroeffentlicht\/#breadcrumb","itemListElement":[{"@type":"ListItem","position":1,"name":"Home","item":"https:\/\/sefiro.de\/"},{"@type":"ListItem","position":2,"name":"\u00c4nderungen der Leits\u00e4tze f\u00fcr Speisefette und Speise\u00f6le ver\u00f6ffentlicht"}]},{"@type":"WebSite","@id":"https:\/\/sefiro.de\/#website","url":"https:\/\/sefiro.de\/","name":"SEFIRO GROUP","description":"Qualit\u00e4t und Sicherheit","publisher":{"@id":"https:\/\/sefiro.de\/#organization"},"potentialAction":[{"@type":"SearchAction","target":{"@type":"EntryPoint","urlTemplate":"https:\/\/sefiro.de\/?s={search_term_string}"},"query-input":"required name=search_term_string"}],"inLanguage":"en-GB"},{"@type":"Organization","@id":"https:\/\/sefiro.de\/#organization","name":"SEFIRO GROUP","url":"https:\/\/sefiro.de\/","logo":{"@type":"ImageObject","inLanguage":"en-GB","@id":"https:\/\/sefiro.de\/#\/schema\/logo\/image\/","url":"https:\/\/sefiro.de\/wp-content\/uploads\/2021\/04\/SEFIRO_Logo_Group_4C_Final_21-12_WEB.jpg","contentUrl":"https:\/\/sefiro.de\/wp-content\/uploads\/2021\/04\/SEFIRO_Logo_Group_4C_Final_21-12_WEB.jpg","width":1012,"height":454,"caption":"SEFIRO GROUP"},"image":{"@id":"https:\/\/sefiro.de\/#\/schema\/logo\/image\/"}},{"@type":"Person","@id":"https:\/\/sefiro.de\/#\/schema\/person\/8fae18c4eb743ab18f99d206493eb009","name":"Julia Rau","image":{"@type":"ImageObject","inLanguage":"en-GB","@id":"https:\/\/sefiro.de\/#\/schema\/person\/image\/","url":"https:\/\/secure.gravatar.com\/avatar\/07a2e132bd3c82222edbec571358df131f0a750ff3b5a6c1963d0a05db716d0e?s=96&d=mm&r=g","contentUrl":"https:\/\/secure.gravatar.com\/avatar\/07a2e132bd3c82222edbec571358df131f0a750ff3b5a6c1963d0a05db716d0e?s=96&d=mm&r=g","caption":"Julia Rau"}}]}},"jetpack_featured_media_url":"https:\/\/sefiro.de\/wp-content\/uploads\/2021\/02\/KAT_Empfehluingen-und-Verbraucherschutz.jpg","_links":{"self":[{"href":"https:\/\/sefiro.de\/en\/wp-json\/wp\/v2\/posts\/18419","targetHints":{"allow":["GET"]}}],"collection":[{"href":"https:\/\/sefiro.de\/en\/wp-json\/wp\/v2\/posts"}],"about":[{"href":"https:\/\/sefiro.de\/en\/wp-json\/wp\/v2\/types\/post"}],"author":[{"embeddable":true,"href":"https:\/\/sefiro.de\/en\/wp-json\/wp\/v2\/users\/3"}],"replies":[{"embeddable":true,"href":"https:\/\/sefiro.de\/en\/wp-json\/wp\/v2\/comments?post=18419"}],"version-history":[{"count":4,"href":"https:\/\/sefiro.de\/en\/wp-json\/wp\/v2\/posts\/18419\/revisions"}],"predecessor-version":[{"id":18424,"href":"https:\/\/sefiro.de\/en\/wp-json\/wp\/v2\/posts\/18419\/revisions\/18424"}],"wp:featuredmedia":[{"embeddable":true,"href":"https:\/\/sefiro.de\/en\/wp-json\/wp\/v2\/media\/2800"}],"wp:attachment":[{"href":"https:\/\/sefiro.de\/en\/wp-json\/wp\/v2\/media?parent=18419"}],"wp:term":[{"taxonomy":"category","embeddable":true,"href":"https:\/\/sefiro.de\/en\/wp-json\/wp\/v2\/categories?post=18419"},{"taxonomy":"post_tag","embeddable":true,"href":"https:\/\/sefiro.de\/en\/wp-json\/wp\/v2\/tags?post=18419"}],"curies":[{"name":"wp","href":"https:\/\/api.w.org\/{rel}","templated":true}]}}