{"id":18425,"date":"2024-04-29T12:57:00","date_gmt":"2024-04-29T10:57:00","guid":{"rendered":"https:\/\/sefiro.de\/?p=18425"},"modified":"2024-09-20T12:59:39","modified_gmt":"2024-09-20T10:59:39","slug":"neue-als-stellungnahmen-der-121-sitzung-veroeffentlicht","status":"publish","type":"post","link":"https:\/\/sefiro.de\/en\/2024\/04\/29\/neue-als-stellungnahmen-der-121-sitzung-veroeffentlicht\/","title":{"rendered":"New ALS opinions of the 121st meeting published"},"content":{"rendered":"<div data-elementor-type=\"wp-post\" data-elementor-id=\"18425\" class=\"elementor elementor-18425\">\n\t\t\t\t\t\t\t\t\t<section class=\"elementor-section elementor-top-section elementor-element elementor-element-231c0374 elementor-section-boxed elementor-section-height-default elementor-section-height-default\" data-id=\"231c0374\" data-element_type=\"section\">\n\t\t\t\t\t\t<div class=\"elementor-container elementor-column-gap-default\">\n\t\t\t\t\t<div class=\"elementor-column elementor-col-100 elementor-top-column elementor-element elementor-element-622f388a\" data-id=\"622f388a\" data-element_type=\"column\">\n\t\t\t<div class=\"elementor-widget-wrap elementor-element-populated\">\n\t\t\t\t\t\t\t\t<div class=\"elementor-element elementor-element-414c2fa7 elementor-widget elementor-widget-text-editor\" data-id=\"414c2fa7\" data-element_type=\"widget\" data-widget_type=\"text-editor.default\">\n\t\t\t\t<div class=\"elementor-widget-container\">\n\t\t\t\t\t\t\t<p><!-- wp:paragraph --><\/p><p>The ALS (Arbeitskreis Lebensmittelchemischer Sachverst\u00e4ndiger der L\u00e4nder und des Bundesamtes f\u00fcr Verbraucherschutz und Lebensmittelsicherheit) has published the current statements of the 121st meeting 2023. The numerous statements include topics such as<\/p><ul><li>LMIV - Labelling of the ingredient \"protein powder\" (Opinion No. 2023\/11),<\/li><li>Allergen labelling of sulphur dioxide and sulphites in the list of ingredients (Opinion No. 023\/12)<\/li><li>Salt substitutes - sodium-reduced mineral salt mixtures (Opinion No. 2023\/14)<\/li><\/ul><p>Find out more here:<\/p><p><a href=\"https:\/\/www.bvl.bund.de\/SharedDocs\/Downloads\/01_Lebensmittel\/ALS_ALTS\/ALS_Stellungnahmen_121_Sitzung_2023.html\" target=\"_blank\" rel=\"noopener\">https:\/\/www.bvl.bund.de\/SharedDocs\/Downloads\/01_Lebensmittel\/ALS_ALTS\/ALS_Stellungnahmen_121_Sitzung_2023.html<\/a><\/p><p>\u00a0<\/p><p><!-- \/wp:paragraph --><!-- wp:paragraph --><!-- \/wp:paragraph --><\/p>\t\t\t\t\t\t<\/div>\n\t\t\t\t<\/div>\n\t\t\t\t\t<\/div>\n\t\t<\/div>\n\t\t\t\t\t\t\t<\/div>\n\t\t<\/section>\n\t\t\t\t\t\t\t<\/div>","protected":false},"excerpt":{"rendered":"<p>Der ALS (Arbeitskreis Lebensmittelchemischer Sachverst\u00e4ndiger der L\u00e4nder und des Bundesamtes f\u00fcr Verbraucherschutz und Lebensmittelsicherheit) hat die aktuellen Stellungnahmen der 121. Sitzung 2023 herausgegeben. In den zahlreichen Stellungnahmen befinden sich Themen wie z.B. LMIV &#8211; Kennzeichnung der Zutat \u201eEiwei\u00dfpulver\u201c (Stellungnahme Nr. 2023\/11), Allergenkennzeichnung von Schwefeldioxid und Sulfiten im Zutatenverzeichnis (Stellungnahme Nr. 023\/12) Kochsalzersatz \u2013 natriumreduzierte Mineralsalzmischungen &hellip;<\/p>\n<p class=\"read-more\"> <a class=\"\" href=\"https:\/\/sefiro.de\/en\/2024\/04\/29\/neue-als-stellungnahmen-der-121-sitzung-veroeffentlicht\/\"> <span class=\"screen-reader-text\">New ALS opinions of the 121st meeting published<\/span> Read More &raquo;<\/a><\/p>","protected":false},"author":3,"featured_media":1531,"comment_status":"closed","ping_status":"closed","sticky":false,"template":"","format":"standard","meta":{"footnotes":""},"categories":[105,106],"tags":[],"class_list":["post-18425","post","type-post","status-publish","format-standard","has-post-thumbnail","hentry","category-news-empfehlungen-verbraucherschutz","category-news-gesetze-richtlinien-food-feed"],"yoast_head":"<!-- This site is optimized with the Yoast SEO plugin v20.7 - https:\/\/yoast.com\/wordpress\/plugins\/seo\/ -->\n<title>Neue ALS-Stellungnahmen der 121. Sitzung ver\u00f6ffentlicht &ndash; SEFIRO GROUP<\/title>\n<meta name=\"robots\" content=\"index, follow, max-snippet:-1, max-image-preview:large, max-video-preview:-1\" \/>\n<link rel=\"canonical\" href=\"https:\/\/sefiro.de\/en\/2024\/04\/29\/neue-als-stellungnahmen-der-121-sitzung-veroeffentlicht\/\" \/>\n<meta property=\"og:locale\" content=\"en_GB\" \/>\n<meta property=\"og:type\" content=\"article\" \/>\n<meta property=\"og:title\" content=\"Neue ALS-Stellungnahmen der 121. Sitzung ver\u00f6ffentlicht &ndash; SEFIRO GROUP\" \/>\n<meta property=\"og:description\" content=\"Der ALS (Arbeitskreis Lebensmittelchemischer Sachverst\u00e4ndiger der L\u00e4nder und des Bundesamtes f\u00fcr Verbraucherschutz und Lebensmittelsicherheit) hat die aktuellen Stellungnahmen der 121. Sitzung 2023 herausgegeben. In den zahlreichen Stellungnahmen befinden sich Themen wie z.B. LMIV &#8211; Kennzeichnung der Zutat \u201eEiwei\u00dfpulver\u201c (Stellungnahme Nr. 2023\/11), Allergenkennzeichnung von Schwefeldioxid und Sulfiten im Zutatenverzeichnis (Stellungnahme Nr. 023\/12) Kochsalzersatz \u2013 natriumreduzierte Mineralsalzmischungen &hellip; Neue ALS-Stellungnahmen der 121. Sitzung ver\u00f6ffentlicht Read More &raquo;\" \/>\n<meta property=\"og:url\" content=\"https:\/\/sefiro.de\/en\/2024\/04\/29\/neue-als-stellungnahmen-der-121-sitzung-veroeffentlicht\/\" \/>\n<meta property=\"og:site_name\" content=\"SEFIRO GROUP\" \/>\n<meta property=\"article:published_time\" content=\"2024-04-29T10:57:00+00:00\" \/>\n<meta property=\"article:modified_time\" content=\"2024-09-20T10:59:39+00:00\" \/>\n<meta property=\"og:image\" content=\"https:\/\/sefiro.de\/wp-content\/uploads\/2020\/12\/aisle-3105629_1920.jpg\" \/>\n\t<meta property=\"og:image:width\" content=\"1920\" \/>\n\t<meta property=\"og:image:height\" content=\"1280\" \/>\n\t<meta property=\"og:image:type\" content=\"image\/jpeg\" \/>\n<meta name=\"author\" content=\"Julia Rau\" \/>\n<meta name=\"twitter:card\" content=\"summary_large_image\" \/>\n<meta name=\"twitter:label1\" content=\"Written by\" \/>\n\t<meta name=\"twitter:data1\" content=\"Julia Rau\" \/>\n\t<meta name=\"twitter:label2\" content=\"Estimated reading time\" \/>\n\t<meta name=\"twitter:data2\" content=\"1 minute\" \/>\n<script type=\"application\/ld+json\" class=\"yoast-schema-graph\">{\"@context\":\"https:\/\/schema.org\",\"@graph\":[{\"@type\":\"Article\",\"@id\":\"https:\/\/sefiro.de\/2024\/04\/29\/neue-als-stellungnahmen-der-121-sitzung-veroeffentlicht\/#article\",\"isPartOf\":{\"@id\":\"https:\/\/sefiro.de\/2024\/04\/29\/neue-als-stellungnahmen-der-121-sitzung-veroeffentlicht\/\"},\"author\":{\"name\":\"Julia Rau\",\"@id\":\"https:\/\/sefiro.de\/#\/schema\/person\/8fae18c4eb743ab18f99d206493eb009\"},\"headline\":\"Neue ALS-Stellungnahmen der 121. Sitzung ver\u00f6ffentlicht\",\"datePublished\":\"2024-04-29T10:57:00+00:00\",\"dateModified\":\"2024-09-20T10:59:39+00:00\",\"mainEntityOfPage\":{\"@id\":\"https:\/\/sefiro.de\/2024\/04\/29\/neue-als-stellungnahmen-der-121-sitzung-veroeffentlicht\/\"},\"wordCount\":82,\"publisher\":{\"@id\":\"https:\/\/sefiro.de\/#organization\"},\"articleSection\":[\"Empfehlungen &amp; Verbraucherschutz\",\"Gesetze &amp; Richtlinien (Food\/Feed)\"],\"inLanguage\":\"en-GB\"},{\"@type\":\"WebPage\",\"@id\":\"https:\/\/sefiro.de\/2024\/04\/29\/neue-als-stellungnahmen-der-121-sitzung-veroeffentlicht\/\",\"url\":\"https:\/\/sefiro.de\/2024\/04\/29\/neue-als-stellungnahmen-der-121-sitzung-veroeffentlicht\/\",\"name\":\"Neue ALS-Stellungnahmen der 121. Sitzung ver\u00f6ffentlicht &ndash; SEFIRO GROUP\",\"isPartOf\":{\"@id\":\"https:\/\/sefiro.de\/#website\"},\"datePublished\":\"2024-04-29T10:57:00+00:00\",\"dateModified\":\"2024-09-20T10:59:39+00:00\",\"breadcrumb\":{\"@id\":\"https:\/\/sefiro.de\/2024\/04\/29\/neue-als-stellungnahmen-der-121-sitzung-veroeffentlicht\/#breadcrumb\"},\"inLanguage\":\"en-GB\",\"potentialAction\":[{\"@type\":\"ReadAction\",\"target\":[\"https:\/\/sefiro.de\/2024\/04\/29\/neue-als-stellungnahmen-der-121-sitzung-veroeffentlicht\/\"]}]},{\"@type\":\"BreadcrumbList\",\"@id\":\"https:\/\/sefiro.de\/2024\/04\/29\/neue-als-stellungnahmen-der-121-sitzung-veroeffentlicht\/#breadcrumb\",\"itemListElement\":[{\"@type\":\"ListItem\",\"position\":1,\"name\":\"Home\",\"item\":\"https:\/\/sefiro.de\/\"},{\"@type\":\"ListItem\",\"position\":2,\"name\":\"Neue ALS-Stellungnahmen der 121. Sitzung ver\u00f6ffentlicht\"}]},{\"@type\":\"WebSite\",\"@id\":\"https:\/\/sefiro.de\/#website\",\"url\":\"https:\/\/sefiro.de\/\",\"name\":\"SEFIRO GROUP\",\"description\":\"Qualit\u00e4t und Sicherheit\",\"publisher\":{\"@id\":\"https:\/\/sefiro.de\/#organization\"},\"potentialAction\":[{\"@type\":\"SearchAction\",\"target\":{\"@type\":\"EntryPoint\",\"urlTemplate\":\"https:\/\/sefiro.de\/?s={search_term_string}\"},\"query-input\":\"required name=search_term_string\"}],\"inLanguage\":\"en-GB\"},{\"@type\":\"Organization\",\"@id\":\"https:\/\/sefiro.de\/#organization\",\"name\":\"SEFIRO GROUP\",\"url\":\"https:\/\/sefiro.de\/\",\"logo\":{\"@type\":\"ImageObject\",\"inLanguage\":\"en-GB\",\"@id\":\"https:\/\/sefiro.de\/#\/schema\/logo\/image\/\",\"url\":\"https:\/\/sefiro.de\/wp-content\/uploads\/2021\/04\/SEFIRO_Logo_Group_4C_Final_21-12_WEB.jpg\",\"contentUrl\":\"https:\/\/sefiro.de\/wp-content\/uploads\/2021\/04\/SEFIRO_Logo_Group_4C_Final_21-12_WEB.jpg\",\"width\":1012,\"height\":454,\"caption\":\"SEFIRO GROUP\"},\"image\":{\"@id\":\"https:\/\/sefiro.de\/#\/schema\/logo\/image\/\"}},{\"@type\":\"Person\",\"@id\":\"https:\/\/sefiro.de\/#\/schema\/person\/8fae18c4eb743ab18f99d206493eb009\",\"name\":\"Julia Rau\",\"image\":{\"@type\":\"ImageObject\",\"inLanguage\":\"en-GB\",\"@id\":\"https:\/\/sefiro.de\/#\/schema\/person\/image\/\",\"url\":\"https:\/\/secure.gravatar.com\/avatar\/07a2e132bd3c82222edbec571358df131f0a750ff3b5a6c1963d0a05db716d0e?s=96&d=mm&r=g\",\"contentUrl\":\"https:\/\/secure.gravatar.com\/avatar\/07a2e132bd3c82222edbec571358df131f0a750ff3b5a6c1963d0a05db716d0e?s=96&d=mm&r=g\",\"caption\":\"Julia Rau\"}}]}<\/script>\n<!-- \/ Yoast SEO plugin. -->","yoast_head_json":{"title":"Neue ALS-Stellungnahmen der 121. Sitzung ver\u00f6ffentlicht &ndash; SEFIRO GROUP","robots":{"index":"index","follow":"follow","max-snippet":"max-snippet:-1","max-image-preview":"max-image-preview:large","max-video-preview":"max-video-preview:-1"},"canonical":"https:\/\/sefiro.de\/en\/2024\/04\/29\/neue-als-stellungnahmen-der-121-sitzung-veroeffentlicht\/","og_locale":"en_GB","og_type":"article","og_title":"Neue ALS-Stellungnahmen der 121. Sitzung ver\u00f6ffentlicht &ndash; SEFIRO GROUP","og_description":"Der ALS (Arbeitskreis Lebensmittelchemischer Sachverst\u00e4ndiger der L\u00e4nder und des Bundesamtes f\u00fcr Verbraucherschutz und Lebensmittelsicherheit) hat die aktuellen Stellungnahmen der 121. Sitzung 2023 herausgegeben. In den zahlreichen Stellungnahmen befinden sich Themen wie z.B. LMIV &#8211; Kennzeichnung der Zutat \u201eEiwei\u00dfpulver\u201c (Stellungnahme Nr. 2023\/11), Allergenkennzeichnung von Schwefeldioxid und Sulfiten im Zutatenverzeichnis (Stellungnahme Nr. 023\/12) Kochsalzersatz \u2013 natriumreduzierte Mineralsalzmischungen &hellip; Neue ALS-Stellungnahmen der 121. Sitzung ver\u00f6ffentlicht Read More &raquo;","og_url":"https:\/\/sefiro.de\/en\/2024\/04\/29\/neue-als-stellungnahmen-der-121-sitzung-veroeffentlicht\/","og_site_name":"SEFIRO GROUP","article_published_time":"2024-04-29T10:57:00+00:00","article_modified_time":"2024-09-20T10:59:39+00:00","og_image":[{"width":1920,"height":1280,"url":"https:\/\/sefiro.de\/wp-content\/uploads\/2020\/12\/aisle-3105629_1920.jpg","type":"image\/jpeg"}],"author":"Julia Rau","twitter_card":"summary_large_image","twitter_misc":{"Written by":"Julia Rau","Estimated reading time":"1 minute"},"schema":{"@context":"https:\/\/schema.org","@graph":[{"@type":"Article","@id":"https:\/\/sefiro.de\/2024\/04\/29\/neue-als-stellungnahmen-der-121-sitzung-veroeffentlicht\/#article","isPartOf":{"@id":"https:\/\/sefiro.de\/2024\/04\/29\/neue-als-stellungnahmen-der-121-sitzung-veroeffentlicht\/"},"author":{"name":"Julia Rau","@id":"https:\/\/sefiro.de\/#\/schema\/person\/8fae18c4eb743ab18f99d206493eb009"},"headline":"Neue ALS-Stellungnahmen der 121. Sitzung ver\u00f6ffentlicht","datePublished":"2024-04-29T10:57:00+00:00","dateModified":"2024-09-20T10:59:39+00:00","mainEntityOfPage":{"@id":"https:\/\/sefiro.de\/2024\/04\/29\/neue-als-stellungnahmen-der-121-sitzung-veroeffentlicht\/"},"wordCount":82,"publisher":{"@id":"https:\/\/sefiro.de\/#organization"},"articleSection":["Empfehlungen &amp; Verbraucherschutz","Gesetze &amp; Richtlinien (Food\/Feed)"],"inLanguage":"en-GB"},{"@type":"WebPage","@id":"https:\/\/sefiro.de\/2024\/04\/29\/neue-als-stellungnahmen-der-121-sitzung-veroeffentlicht\/","url":"https:\/\/sefiro.de\/2024\/04\/29\/neue-als-stellungnahmen-der-121-sitzung-veroeffentlicht\/","name":"Neue ALS-Stellungnahmen der 121. Sitzung ver\u00f6ffentlicht &ndash; SEFIRO GROUP","isPartOf":{"@id":"https:\/\/sefiro.de\/#website"},"datePublished":"2024-04-29T10:57:00+00:00","dateModified":"2024-09-20T10:59:39+00:00","breadcrumb":{"@id":"https:\/\/sefiro.de\/2024\/04\/29\/neue-als-stellungnahmen-der-121-sitzung-veroeffentlicht\/#breadcrumb"},"inLanguage":"en-GB","potentialAction":[{"@type":"ReadAction","target":["https:\/\/sefiro.de\/2024\/04\/29\/neue-als-stellungnahmen-der-121-sitzung-veroeffentlicht\/"]}]},{"@type":"BreadcrumbList","@id":"https:\/\/sefiro.de\/2024\/04\/29\/neue-als-stellungnahmen-der-121-sitzung-veroeffentlicht\/#breadcrumb","itemListElement":[{"@type":"ListItem","position":1,"name":"Home","item":"https:\/\/sefiro.de\/"},{"@type":"ListItem","position":2,"name":"Neue ALS-Stellungnahmen der 121. Sitzung ver\u00f6ffentlicht"}]},{"@type":"WebSite","@id":"https:\/\/sefiro.de\/#website","url":"https:\/\/sefiro.de\/","name":"SEFIRO GROUP","description":"Qualit\u00e4t und Sicherheit","publisher":{"@id":"https:\/\/sefiro.de\/#organization"},"potentialAction":[{"@type":"SearchAction","target":{"@type":"EntryPoint","urlTemplate":"https:\/\/sefiro.de\/?s={search_term_string}"},"query-input":"required name=search_term_string"}],"inLanguage":"en-GB"},{"@type":"Organization","@id":"https:\/\/sefiro.de\/#organization","name":"SEFIRO GROUP","url":"https:\/\/sefiro.de\/","logo":{"@type":"ImageObject","inLanguage":"en-GB","@id":"https:\/\/sefiro.de\/#\/schema\/logo\/image\/","url":"https:\/\/sefiro.de\/wp-content\/uploads\/2021\/04\/SEFIRO_Logo_Group_4C_Final_21-12_WEB.jpg","contentUrl":"https:\/\/sefiro.de\/wp-content\/uploads\/2021\/04\/SEFIRO_Logo_Group_4C_Final_21-12_WEB.jpg","width":1012,"height":454,"caption":"SEFIRO GROUP"},"image":{"@id":"https:\/\/sefiro.de\/#\/schema\/logo\/image\/"}},{"@type":"Person","@id":"https:\/\/sefiro.de\/#\/schema\/person\/8fae18c4eb743ab18f99d206493eb009","name":"Julia Rau","image":{"@type":"ImageObject","inLanguage":"en-GB","@id":"https:\/\/sefiro.de\/#\/schema\/person\/image\/","url":"https:\/\/secure.gravatar.com\/avatar\/07a2e132bd3c82222edbec571358df131f0a750ff3b5a6c1963d0a05db716d0e?s=96&d=mm&r=g","contentUrl":"https:\/\/secure.gravatar.com\/avatar\/07a2e132bd3c82222edbec571358df131f0a750ff3b5a6c1963d0a05db716d0e?s=96&d=mm&r=g","caption":"Julia Rau"}}]}},"jetpack_featured_media_url":"https:\/\/sefiro.de\/wp-content\/uploads\/2020\/12\/aisle-3105629_1920.jpg","_links":{"self":[{"href":"https:\/\/sefiro.de\/en\/wp-json\/wp\/v2\/posts\/18425","targetHints":{"allow":["GET"]}}],"collection":[{"href":"https:\/\/sefiro.de\/en\/wp-json\/wp\/v2\/posts"}],"about":[{"href":"https:\/\/sefiro.de\/en\/wp-json\/wp\/v2\/types\/post"}],"author":[{"embeddable":true,"href":"https:\/\/sefiro.de\/en\/wp-json\/wp\/v2\/users\/3"}],"replies":[{"embeddable":true,"href":"https:\/\/sefiro.de\/en\/wp-json\/wp\/v2\/comments?post=18425"}],"version-history":[{"count":4,"href":"https:\/\/sefiro.de\/en\/wp-json\/wp\/v2\/posts\/18425\/revisions"}],"predecessor-version":[{"id":18430,"href":"https:\/\/sefiro.de\/en\/wp-json\/wp\/v2\/posts\/18425\/revisions\/18430"}],"wp:featuredmedia":[{"embeddable":true,"href":"https:\/\/sefiro.de\/en\/wp-json\/wp\/v2\/media\/1531"}],"wp:attachment":[{"href":"https:\/\/sefiro.de\/en\/wp-json\/wp\/v2\/media?parent=18425"}],"wp:term":[{"taxonomy":"category","embeddable":true,"href":"https:\/\/sefiro.de\/en\/wp-json\/wp\/v2\/categories?post=18425"},{"taxonomy":"post_tag","embeddable":true,"href":"https:\/\/sefiro.de\/en\/wp-json\/wp\/v2\/tags?post=18425"}],"curies":[{"name":"wp","href":"https:\/\/api.w.org\/{rel}","templated":true}]}}