{"id":2944,"date":"2017-12-22T16:40:00","date_gmt":"2017-12-22T15:40:00","guid":{"rendered":"https:\/\/sefiro-wordpress.fleno-gmbh.de\/?p=2944"},"modified":"2021-07-23T12:01:43","modified_gmt":"2021-07-23T10:01:43","slug":"recht-der-lebensmittelbedarfsgegenstaende-auf-dem-pruefstand","status":"publish","type":"post","link":"https:\/\/sefiro.de\/en\/2017\/12\/22\/recht-der-lebensmittelbedarfsgegenstaende-auf-dem-pruefstand\/","title":{"rendered":"Recht der Lebensmittelbedarfsgegenst\u00e4nde auf dem Pr\u00fcfstand"},"content":{"rendered":"<p>Die europ\u00e4ische Rahmenverordnung (EG) Nr. 1935\/2004 \u00fcber Materialien und Gegenst\u00e4nde, die dazu bestimmt sind, mit Lebensmitteln in Ber\u00fchrung zu kommen,\u00a0 gilt f\u00fcr alle Lebensmittelbedarfsgegenst\u00e4nde und stellt die zentrale Rechtsvorschrift f\u00fcr diesen Bereich. Die Europ\u00e4ische Kommission hat einen Plan zur Vorgehensweise der Neubewertung dieser Verordnung ver\u00f6ffentlicht. Die Bewertung stellt nur den Beginn eines gro\u00df angelegten Prozesses dar. Je nachdem, mit welchem Ergebnis dieser Schritt abgeschlossen wird, wird sich zeigen, wie umfangreich die Bearbeitung der Verordnung (EG) Nr. 1935\/2004 bzw. deren weitere Implementierung ausfallen wird.<\/p>","protected":false},"excerpt":{"rendered":"<p>Die europ\u00e4ische Rahmenverordnung (EG) Nr. 1935\/2004 \u00fcber Materialien und Gegenst\u00e4nde, die dazu bestimmt sind, mit Lebensmitteln in Ber\u00fchrung zu kommen,\u00a0 gilt f\u00fcr alle Lebensmittelbedarfsgegenst\u00e4nde und stellt die zentrale Rechtsvorschrift f\u00fcr diesen Bereich. Die Europ\u00e4ische Kommission hat einen Plan zur Vorgehensweise der Neubewertung dieser Verordnung ver\u00f6ffentlicht. Die Bewertung stellt nur den Beginn eines gro\u00df angelegten Prozesses &hellip;<\/p>\n<p class=\"read-more\"> <a class=\"\" href=\"https:\/\/sefiro.de\/en\/2017\/12\/22\/recht-der-lebensmittelbedarfsgegenstaende-auf-dem-pruefstand\/\"> <span class=\"screen-reader-text\">Recht der Lebensmittelbedarfsgegenst\u00e4nde auf dem Pr\u00fcfstand<\/span> Read More &raquo;<\/a><\/p>","protected":false},"author":3,"featured_media":2531,"comment_status":"closed","ping_status":"closed","sticky":false,"template":"","format":"standard","meta":{"footnotes":""},"categories":[107,92],"tags":[],"class_list":["post-2944","post","type-post","status-publish","format-standard","has-post-thumbnail","hentry","category-news-gesetze-richtlinien-non-food","category-news"],"yoast_head":"<!-- This site is optimized with the Yoast SEO plugin v20.7 - https:\/\/yoast.com\/wordpress\/plugins\/seo\/ -->\n<title>Recht der Lebensmittelbedarfsgegenst\u00e4nde auf dem Pr\u00fcfstand &ndash; SEFIRO GROUP<\/title>\n<meta name=\"robots\" content=\"index, follow, max-snippet:-1, max-image-preview:large, max-video-preview:-1\" \/>\n<link rel=\"canonical\" href=\"https:\/\/sefiro.de\/en\/2017\/12\/22\/recht-der-lebensmittelbedarfsgegenstaende-auf-dem-pruefstand\/\" \/>\n<meta property=\"og:locale\" content=\"en_GB\" \/>\n<meta property=\"og:type\" content=\"article\" \/>\n<meta property=\"og:title\" content=\"Recht der Lebensmittelbedarfsgegenst\u00e4nde auf dem Pr\u00fcfstand &ndash; SEFIRO GROUP\" \/>\n<meta property=\"og:description\" content=\"Die europ\u00e4ische Rahmenverordnung (EG) Nr. 1935\/2004 \u00fcber Materialien und Gegenst\u00e4nde, die dazu bestimmt sind, mit Lebensmitteln in Ber\u00fchrung zu kommen,\u00a0 gilt f\u00fcr alle Lebensmittelbedarfsgegenst\u00e4nde und stellt die zentrale Rechtsvorschrift f\u00fcr diesen Bereich. Die Europ\u00e4ische Kommission hat einen Plan zur Vorgehensweise der Neubewertung dieser Verordnung ver\u00f6ffentlicht. Die Bewertung stellt nur den Beginn eines gro\u00df angelegten Prozesses &hellip; Recht der Lebensmittelbedarfsgegenst\u00e4nde auf dem Pr\u00fcfstand Read More &raquo;\" \/>\n<meta property=\"og:url\" content=\"https:\/\/sefiro.de\/en\/2017\/12\/22\/recht-der-lebensmittelbedarfsgegenstaende-auf-dem-pruefstand\/\" \/>\n<meta property=\"og:site_name\" content=\"SEFIRO GROUP\" \/>\n<meta property=\"article:published_time\" content=\"2017-12-22T15:40:00+00:00\" \/>\n<meta property=\"article:modified_time\" content=\"2021-07-23T10:01:43+00:00\" \/>\n<meta property=\"og:image\" content=\"https:\/\/sefiro.de\/wp-content\/uploads\/2020\/12\/Legal_B.jpg\" \/>\n\t<meta property=\"og:image:width\" content=\"1920\" \/>\n\t<meta property=\"og:image:height\" content=\"1280\" \/>\n\t<meta property=\"og:image:type\" content=\"image\/jpeg\" \/>\n<meta name=\"author\" content=\"Julia Rau\" \/>\n<meta name=\"twitter:card\" content=\"summary_large_image\" \/>\n<meta name=\"twitter:label1\" content=\"Written by\" \/>\n\t<meta name=\"twitter:data1\" content=\"Julia Rau\" \/>\n\t<meta name=\"twitter:label2\" content=\"Estimated reading time\" \/>\n\t<meta name=\"twitter:data2\" content=\"1 minute\" \/>\n<script type=\"application\/ld+json\" class=\"yoast-schema-graph\">{\"@context\":\"https:\/\/schema.org\",\"@graph\":[{\"@type\":\"Article\",\"@id\":\"https:\/\/sefiro.de\/en\/2017\/12\/22\/recht-der-lebensmittelbedarfsgegenstaende-auf-dem-pruefstand\/#article\",\"isPartOf\":{\"@id\":\"https:\/\/sefiro.de\/en\/2017\/12\/22\/recht-der-lebensmittelbedarfsgegenstaende-auf-dem-pruefstand\/\"},\"author\":{\"name\":\"Julia Rau\",\"@id\":\"https:\/\/sefiro.de\/#\/schema\/person\/8fae18c4eb743ab18f99d206493eb009\"},\"headline\":\"Recht der Lebensmittelbedarfsgegenst\u00e4nde auf dem Pr\u00fcfstand\",\"datePublished\":\"2017-12-22T15:40:00+00:00\",\"dateModified\":\"2021-07-23T10:01:43+00:00\",\"mainEntityOfPage\":{\"@id\":\"https:\/\/sefiro.de\/en\/2017\/12\/22\/recht-der-lebensmittelbedarfsgegenstaende-auf-dem-pruefstand\/\"},\"wordCount\":97,\"publisher\":{\"@id\":\"https:\/\/sefiro.de\/#organization\"},\"articleSection\":[\"Gesetze &amp; Richtlinien (Non-Food)\",\"News\"],\"inLanguage\":\"en-GB\"},{\"@type\":\"WebPage\",\"@id\":\"https:\/\/sefiro.de\/en\/2017\/12\/22\/recht-der-lebensmittelbedarfsgegenstaende-auf-dem-pruefstand\/\",\"url\":\"https:\/\/sefiro.de\/en\/2017\/12\/22\/recht-der-lebensmittelbedarfsgegenstaende-auf-dem-pruefstand\/\",\"name\":\"Recht der Lebensmittelbedarfsgegenst\u00e4nde auf dem Pr\u00fcfstand &ndash; SEFIRO GROUP\",\"isPartOf\":{\"@id\":\"https:\/\/sefiro.de\/#website\"},\"datePublished\":\"2017-12-22T15:40:00+00:00\",\"dateModified\":\"2021-07-23T10:01:43+00:00\",\"breadcrumb\":{\"@id\":\"https:\/\/sefiro.de\/en\/2017\/12\/22\/recht-der-lebensmittelbedarfsgegenstaende-auf-dem-pruefstand\/#breadcrumb\"},\"inLanguage\":\"en-GB\",\"potentialAction\":[{\"@type\":\"ReadAction\",\"target\":[\"https:\/\/sefiro.de\/en\/2017\/12\/22\/recht-der-lebensmittelbedarfsgegenstaende-auf-dem-pruefstand\/\"]}]},{\"@type\":\"BreadcrumbList\",\"@id\":\"https:\/\/sefiro.de\/en\/2017\/12\/22\/recht-der-lebensmittelbedarfsgegenstaende-auf-dem-pruefstand\/#breadcrumb\",\"itemListElement\":[{\"@type\":\"ListItem\",\"position\":1,\"name\":\"Home\",\"item\":\"https:\/\/sefiro.de\/\"},{\"@type\":\"ListItem\",\"position\":2,\"name\":\"Recht der Lebensmittelbedarfsgegenst\u00e4nde auf dem Pr\u00fcfstand\"}]},{\"@type\":\"WebSite\",\"@id\":\"https:\/\/sefiro.de\/#website\",\"url\":\"https:\/\/sefiro.de\/\",\"name\":\"SEFIRO GROUP\",\"description\":\"Qualit\u00e4t und Sicherheit\",\"publisher\":{\"@id\":\"https:\/\/sefiro.de\/#organization\"},\"potentialAction\":[{\"@type\":\"SearchAction\",\"target\":{\"@type\":\"EntryPoint\",\"urlTemplate\":\"https:\/\/sefiro.de\/?s={search_term_string}\"},\"query-input\":\"required name=search_term_string\"}],\"inLanguage\":\"en-GB\"},{\"@type\":\"Organization\",\"@id\":\"https:\/\/sefiro.de\/#organization\",\"name\":\"SEFIRO GROUP\",\"url\":\"https:\/\/sefiro.de\/\",\"logo\":{\"@type\":\"ImageObject\",\"inLanguage\":\"en-GB\",\"@id\":\"https:\/\/sefiro.de\/#\/schema\/logo\/image\/\",\"url\":\"https:\/\/sefiro.de\/wp-content\/uploads\/2021\/04\/SEFIRO_Logo_Group_4C_Final_21-12_WEB.jpg\",\"contentUrl\":\"https:\/\/sefiro.de\/wp-content\/uploads\/2021\/04\/SEFIRO_Logo_Group_4C_Final_21-12_WEB.jpg\",\"width\":1012,\"height\":454,\"caption\":\"SEFIRO GROUP\"},\"image\":{\"@id\":\"https:\/\/sefiro.de\/#\/schema\/logo\/image\/\"}},{\"@type\":\"Person\",\"@id\":\"https:\/\/sefiro.de\/#\/schema\/person\/8fae18c4eb743ab18f99d206493eb009\",\"name\":\"Julia Rau\",\"image\":{\"@type\":\"ImageObject\",\"inLanguage\":\"en-GB\",\"@id\":\"https:\/\/sefiro.de\/#\/schema\/person\/image\/\",\"url\":\"https:\/\/secure.gravatar.com\/avatar\/07a2e132bd3c82222edbec571358df131f0a750ff3b5a6c1963d0a05db716d0e?s=96&d=mm&r=g\",\"contentUrl\":\"https:\/\/secure.gravatar.com\/avatar\/07a2e132bd3c82222edbec571358df131f0a750ff3b5a6c1963d0a05db716d0e?s=96&d=mm&r=g\",\"caption\":\"Julia Rau\"}}]}<\/script>\n<!-- \/ Yoast SEO plugin. -->","yoast_head_json":{"title":"Recht der Lebensmittelbedarfsgegenst\u00e4nde auf dem Pr\u00fcfstand &ndash; SEFIRO GROUP","robots":{"index":"index","follow":"follow","max-snippet":"max-snippet:-1","max-image-preview":"max-image-preview:large","max-video-preview":"max-video-preview:-1"},"canonical":"https:\/\/sefiro.de\/en\/2017\/12\/22\/recht-der-lebensmittelbedarfsgegenstaende-auf-dem-pruefstand\/","og_locale":"en_GB","og_type":"article","og_title":"Recht der Lebensmittelbedarfsgegenst\u00e4nde auf dem Pr\u00fcfstand &ndash; SEFIRO GROUP","og_description":"Die europ\u00e4ische Rahmenverordnung (EG) Nr. 1935\/2004 \u00fcber Materialien und Gegenst\u00e4nde, die dazu bestimmt sind, mit Lebensmitteln in Ber\u00fchrung zu kommen,\u00a0 gilt f\u00fcr alle Lebensmittelbedarfsgegenst\u00e4nde und stellt die zentrale Rechtsvorschrift f\u00fcr diesen Bereich. Die Europ\u00e4ische Kommission hat einen Plan zur Vorgehensweise der Neubewertung dieser Verordnung ver\u00f6ffentlicht. Die Bewertung stellt nur den Beginn eines gro\u00df angelegten Prozesses &hellip; Recht der Lebensmittelbedarfsgegenst\u00e4nde auf dem Pr\u00fcfstand Read More &raquo;","og_url":"https:\/\/sefiro.de\/en\/2017\/12\/22\/recht-der-lebensmittelbedarfsgegenstaende-auf-dem-pruefstand\/","og_site_name":"SEFIRO GROUP","article_published_time":"2017-12-22T15:40:00+00:00","article_modified_time":"2021-07-23T10:01:43+00:00","og_image":[{"width":1920,"height":1280,"url":"https:\/\/sefiro.de\/wp-content\/uploads\/2020\/12\/Legal_B.jpg","type":"image\/jpeg"}],"author":"Julia Rau","twitter_card":"summary_large_image","twitter_misc":{"Written by":"Julia Rau","Estimated reading time":"1 minute"},"schema":{"@context":"https:\/\/schema.org","@graph":[{"@type":"Article","@id":"https:\/\/sefiro.de\/en\/2017\/12\/22\/recht-der-lebensmittelbedarfsgegenstaende-auf-dem-pruefstand\/#article","isPartOf":{"@id":"https:\/\/sefiro.de\/en\/2017\/12\/22\/recht-der-lebensmittelbedarfsgegenstaende-auf-dem-pruefstand\/"},"author":{"name":"Julia Rau","@id":"https:\/\/sefiro.de\/#\/schema\/person\/8fae18c4eb743ab18f99d206493eb009"},"headline":"Recht der Lebensmittelbedarfsgegenst\u00e4nde auf dem Pr\u00fcfstand","datePublished":"2017-12-22T15:40:00+00:00","dateModified":"2021-07-23T10:01:43+00:00","mainEntityOfPage":{"@id":"https:\/\/sefiro.de\/en\/2017\/12\/22\/recht-der-lebensmittelbedarfsgegenstaende-auf-dem-pruefstand\/"},"wordCount":97,"publisher":{"@id":"https:\/\/sefiro.de\/#organization"},"articleSection":["Gesetze &amp; Richtlinien (Non-Food)","News"],"inLanguage":"en-GB"},{"@type":"WebPage","@id":"https:\/\/sefiro.de\/en\/2017\/12\/22\/recht-der-lebensmittelbedarfsgegenstaende-auf-dem-pruefstand\/","url":"https:\/\/sefiro.de\/en\/2017\/12\/22\/recht-der-lebensmittelbedarfsgegenstaende-auf-dem-pruefstand\/","name":"Recht der Lebensmittelbedarfsgegenst\u00e4nde auf dem Pr\u00fcfstand &ndash; SEFIRO GROUP","isPartOf":{"@id":"https:\/\/sefiro.de\/#website"},"datePublished":"2017-12-22T15:40:00+00:00","dateModified":"2021-07-23T10:01:43+00:00","breadcrumb":{"@id":"https:\/\/sefiro.de\/en\/2017\/12\/22\/recht-der-lebensmittelbedarfsgegenstaende-auf-dem-pruefstand\/#breadcrumb"},"inLanguage":"en-GB","potentialAction":[{"@type":"ReadAction","target":["https:\/\/sefiro.de\/en\/2017\/12\/22\/recht-der-lebensmittelbedarfsgegenstaende-auf-dem-pruefstand\/"]}]},{"@type":"BreadcrumbList","@id":"https:\/\/sefiro.de\/en\/2017\/12\/22\/recht-der-lebensmittelbedarfsgegenstaende-auf-dem-pruefstand\/#breadcrumb","itemListElement":[{"@type":"ListItem","position":1,"name":"Home","item":"https:\/\/sefiro.de\/"},{"@type":"ListItem","position":2,"name":"Recht der Lebensmittelbedarfsgegenst\u00e4nde auf dem Pr\u00fcfstand"}]},{"@type":"WebSite","@id":"https:\/\/sefiro.de\/#website","url":"https:\/\/sefiro.de\/","name":"SEFIRO GROUP","description":"Qualit\u00e4t und Sicherheit","publisher":{"@id":"https:\/\/sefiro.de\/#organization"},"potentialAction":[{"@type":"SearchAction","target":{"@type":"EntryPoint","urlTemplate":"https:\/\/sefiro.de\/?s={search_term_string}"},"query-input":"required name=search_term_string"}],"inLanguage":"en-GB"},{"@type":"Organization","@id":"https:\/\/sefiro.de\/#organization","name":"SEFIRO GROUP","url":"https:\/\/sefiro.de\/","logo":{"@type":"ImageObject","inLanguage":"en-GB","@id":"https:\/\/sefiro.de\/#\/schema\/logo\/image\/","url":"https:\/\/sefiro.de\/wp-content\/uploads\/2021\/04\/SEFIRO_Logo_Group_4C_Final_21-12_WEB.jpg","contentUrl":"https:\/\/sefiro.de\/wp-content\/uploads\/2021\/04\/SEFIRO_Logo_Group_4C_Final_21-12_WEB.jpg","width":1012,"height":454,"caption":"SEFIRO GROUP"},"image":{"@id":"https:\/\/sefiro.de\/#\/schema\/logo\/image\/"}},{"@type":"Person","@id":"https:\/\/sefiro.de\/#\/schema\/person\/8fae18c4eb743ab18f99d206493eb009","name":"Julia Rau","image":{"@type":"ImageObject","inLanguage":"en-GB","@id":"https:\/\/sefiro.de\/#\/schema\/person\/image\/","url":"https:\/\/secure.gravatar.com\/avatar\/07a2e132bd3c82222edbec571358df131f0a750ff3b5a6c1963d0a05db716d0e?s=96&d=mm&r=g","contentUrl":"https:\/\/secure.gravatar.com\/avatar\/07a2e132bd3c82222edbec571358df131f0a750ff3b5a6c1963d0a05db716d0e?s=96&d=mm&r=g","caption":"Julia Rau"}}]}},"jetpack_featured_media_url":"https:\/\/sefiro.de\/wp-content\/uploads\/2020\/12\/Legal_B.jpg","_links":{"self":[{"href":"https:\/\/sefiro.de\/en\/wp-json\/wp\/v2\/posts\/2944","targetHints":{"allow":["GET"]}}],"collection":[{"href":"https:\/\/sefiro.de\/en\/wp-json\/wp\/v2\/posts"}],"about":[{"href":"https:\/\/sefiro.de\/en\/wp-json\/wp\/v2\/types\/post"}],"author":[{"embeddable":true,"href":"https:\/\/sefiro.de\/en\/wp-json\/wp\/v2\/users\/3"}],"replies":[{"embeddable":true,"href":"https:\/\/sefiro.de\/en\/wp-json\/wp\/v2\/comments?post=2944"}],"version-history":[{"count":1,"href":"https:\/\/sefiro.de\/en\/wp-json\/wp\/v2\/posts\/2944\/revisions"}],"predecessor-version":[{"id":2945,"href":"https:\/\/sefiro.de\/en\/wp-json\/wp\/v2\/posts\/2944\/revisions\/2945"}],"wp:featuredmedia":[{"embeddable":true,"href":"https:\/\/sefiro.de\/en\/wp-json\/wp\/v2\/media\/2531"}],"wp:attachment":[{"href":"https:\/\/sefiro.de\/en\/wp-json\/wp\/v2\/media?parent=2944"}],"wp:term":[{"taxonomy":"category","embeddable":true,"href":"https:\/\/sefiro.de\/en\/wp-json\/wp\/v2\/categories?post=2944"},{"taxonomy":"post_tag","embeddable":true,"href":"https:\/\/sefiro.de\/en\/wp-json\/wp\/v2\/tags?post=2944"}],"curies":[{"name":"wp","href":"https:\/\/api.w.org\/{rel}","templated":true}]}}