{"id":3063,"date":"2014-04-09T17:56:00","date_gmt":"2014-04-09T15:56:00","guid":{"rendered":"https:\/\/sefiro-wordpress.fleno-gmbh.de\/?p=3063"},"modified":"2021-07-22T17:57:24","modified_gmt":"2021-07-22T15:57:24","slug":"neue-food-watch-analyse-rechtlos-im-supermarkt","status":"publish","type":"post","link":"https:\/\/sefiro.de\/en\/2014\/04\/09\/neue-food-watch-analyse-rechtlos-im-supermarkt\/","title":{"rendered":"Neue Food-Watch-Analyse \u201eRechtlos im Supermarkt\u201c"},"content":{"rendered":"<p>Food-Watch hat seinen 19 Seiten langen Report \u201eRechtlos im Supermarkt\u201c ver\u00f6ffentlicht. Forderungen zur \u201ekonsequenten Umsetzung des \u201eVorsorgeprinzips\u201c und des Pr\u00e4ventionsgedankens, Aufbau eines effektiven R\u00fcckverfolgbarkeitssystems \u00fcber die gesamte Lieferkette, umfassende und effektive Informationspflichten f\u00fcr Beh\u00f6rden und Unternehmen, die Einf\u00fchrung eines Unternehmensstrafrechts und ein Normenkontroll-Verbandsklagerecht f\u00fcr Verbraucherverb\u00e4nde auf nationaler und EU-Ebene\u201c werden hier formuliert. Der Bund f\u00fcr Lebensmittelrecht und Lebensmittelkunde e.V. hat diesbez\u00fcglich bereits seine Position&nbsp; dargelegt.<br><br>Informationen hierzu finden Sie auf:<br><a href=\"http:\/\/www.foodwatch.org\/de\/informieren\/lebensmittelpolitik\/mehr-zum-thema\/report-rechtlos-im-supermarkt\/\" target=\"_blank\" rel=\"noreferrer noopener\">www.foodwatch.org<\/a><br><a href=\"http:\/\/www.bll.de\/de\/der-bll\/positionen\/statement-foodwatch-lebensmittelrecht-reform-rechtlos-im-supermarkt\" target=\"_blank\" rel=\"noreferrer noopener\">http:\/\/www.bll.de\/<\/a><\/p>","protected":false},"excerpt":{"rendered":"<p>Food-Watch hat seinen 19 Seiten langen Report \u201eRechtlos im Supermarkt\u201c ver\u00f6ffentlicht. Forderungen zur \u201ekonsequenten Umsetzung des \u201eVorsorgeprinzips\u201c und des Pr\u00e4ventionsgedankens, Aufbau eines effektiven R\u00fcckverfolgbarkeitssystems \u00fcber die gesamte Lieferkette, umfassende und effektive Informationspflichten f\u00fcr Beh\u00f6rden und Unternehmen, die Einf\u00fchrung eines Unternehmensstrafrechts und ein Normenkontroll-Verbandsklagerecht f\u00fcr Verbraucherverb\u00e4nde auf nationaler und EU-Ebene\u201c werden hier formuliert. Der Bund f\u00fcr &hellip;<\/p>\n<p class=\"read-more\"> <a class=\"\" href=\"https:\/\/sefiro.de\/en\/2014\/04\/09\/neue-food-watch-analyse-rechtlos-im-supermarkt\/\"> <span class=\"screen-reader-text\">Neue Food-Watch-Analyse \u201eRechtlos im Supermarkt\u201c<\/span> Read More &raquo;<\/a><\/p>","protected":false},"author":3,"featured_media":2554,"comment_status":"closed","ping_status":"closed","sticky":false,"template":"","format":"standard","meta":{"footnotes":""},"categories":[112,105,92,111],"tags":[],"class_list":["post-3063","post","type-post","status-publish","format-standard","has-post-thumbnail","hentry","category-news-berichte-daten","category-news-empfehlungen-verbraucherschutz","category-news","category-news-ngo-testinstitutionen"],"yoast_head":"<!-- This site is optimized with the Yoast SEO plugin v20.7 - https:\/\/yoast.com\/wordpress\/plugins\/seo\/ -->\n<title>Neue Food-Watch-Analyse \u201eRechtlos im Supermarkt\u201c &ndash; SEFIRO GROUP<\/title>\n<meta name=\"robots\" content=\"index, follow, max-snippet:-1, max-image-preview:large, max-video-preview:-1\" \/>\n<link rel=\"canonical\" href=\"https:\/\/sefiro.de\/en\/2014\/04\/09\/neue-food-watch-analyse-rechtlos-im-supermarkt\/\" \/>\n<meta property=\"og:locale\" content=\"en_GB\" \/>\n<meta property=\"og:type\" content=\"article\" \/>\n<meta property=\"og:title\" content=\"Neue Food-Watch-Analyse \u201eRechtlos im Supermarkt\u201c &ndash; SEFIRO GROUP\" \/>\n<meta property=\"og:description\" content=\"Food-Watch hat seinen 19 Seiten langen Report \u201eRechtlos im Supermarkt\u201c ver\u00f6ffentlicht. Forderungen zur \u201ekonsequenten Umsetzung des \u201eVorsorgeprinzips\u201c und des Pr\u00e4ventionsgedankens, Aufbau eines effektiven R\u00fcckverfolgbarkeitssystems \u00fcber die gesamte Lieferkette, umfassende und effektive Informationspflichten f\u00fcr Beh\u00f6rden und Unternehmen, die Einf\u00fchrung eines Unternehmensstrafrechts und ein Normenkontroll-Verbandsklagerecht f\u00fcr Verbraucherverb\u00e4nde auf nationaler und EU-Ebene\u201c werden hier formuliert. Der Bund f\u00fcr &hellip; Neue Food-Watch-Analyse \u201eRechtlos im Supermarkt\u201c Read More &raquo;\" \/>\n<meta property=\"og:url\" content=\"https:\/\/sefiro.de\/en\/2014\/04\/09\/neue-food-watch-analyse-rechtlos-im-supermarkt\/\" \/>\n<meta property=\"og:site_name\" content=\"SEFIRO GROUP\" \/>\n<meta property=\"article:published_time\" content=\"2014-04-09T15:56:00+00:00\" \/>\n<meta property=\"article:modified_time\" content=\"2021-07-22T15:57:24+00:00\" \/>\n<meta property=\"og:image\" content=\"https:\/\/sefiro.de\/wp-content\/uploads\/2021\/07\/financial-2860753_1920.jpg\" \/>\n\t<meta property=\"og:image:width\" content=\"1920\" \/>\n\t<meta property=\"og:image:height\" content=\"1271\" \/>\n\t<meta property=\"og:image:type\" content=\"image\/jpeg\" \/>\n<meta name=\"author\" content=\"Julia Rau\" \/>\n<meta name=\"twitter:card\" content=\"summary_large_image\" \/>\n<meta name=\"twitter:label1\" content=\"Written by\" \/>\n\t<meta name=\"twitter:data1\" content=\"Julia Rau\" \/>\n\t<meta name=\"twitter:label2\" content=\"Estimated reading time\" \/>\n\t<meta name=\"twitter:data2\" content=\"1 minute\" \/>\n<script type=\"application\/ld+json\" class=\"yoast-schema-graph\">{\"@context\":\"https:\/\/schema.org\",\"@graph\":[{\"@type\":\"Article\",\"@id\":\"https:\/\/sefiro.de\/en\/2014\/04\/09\/neue-food-watch-analyse-rechtlos-im-supermarkt\/#article\",\"isPartOf\":{\"@id\":\"https:\/\/sefiro.de\/en\/2014\/04\/09\/neue-food-watch-analyse-rechtlos-im-supermarkt\/\"},\"author\":{\"name\":\"Julia Rau\",\"@id\":\"https:\/\/sefiro.de\/#\/schema\/person\/8fae18c4eb743ab18f99d206493eb009\"},\"headline\":\"Neue Food-Watch-Analyse \u201eRechtlos im Supermarkt\u201c\",\"datePublished\":\"2014-04-09T15:56:00+00:00\",\"dateModified\":\"2021-07-22T15:57:24+00:00\",\"mainEntityOfPage\":{\"@id\":\"https:\/\/sefiro.de\/en\/2014\/04\/09\/neue-food-watch-analyse-rechtlos-im-supermarkt\/\"},\"wordCount\":93,\"publisher\":{\"@id\":\"https:\/\/sefiro.de\/#organization\"},\"articleSection\":[\"Berichte &amp; Daten\",\"Empfehlungen &amp; Verbraucherschutz\",\"News\",\"NGO\u00b4S &amp; Testinstitutionen\"],\"inLanguage\":\"en-GB\"},{\"@type\":\"WebPage\",\"@id\":\"https:\/\/sefiro.de\/en\/2014\/04\/09\/neue-food-watch-analyse-rechtlos-im-supermarkt\/\",\"url\":\"https:\/\/sefiro.de\/en\/2014\/04\/09\/neue-food-watch-analyse-rechtlos-im-supermarkt\/\",\"name\":\"Neue Food-Watch-Analyse \u201eRechtlos im Supermarkt\u201c &ndash; SEFIRO GROUP\",\"isPartOf\":{\"@id\":\"https:\/\/sefiro.de\/#website\"},\"datePublished\":\"2014-04-09T15:56:00+00:00\",\"dateModified\":\"2021-07-22T15:57:24+00:00\",\"breadcrumb\":{\"@id\":\"https:\/\/sefiro.de\/en\/2014\/04\/09\/neue-food-watch-analyse-rechtlos-im-supermarkt\/#breadcrumb\"},\"inLanguage\":\"en-GB\",\"potentialAction\":[{\"@type\":\"ReadAction\",\"target\":[\"https:\/\/sefiro.de\/en\/2014\/04\/09\/neue-food-watch-analyse-rechtlos-im-supermarkt\/\"]}]},{\"@type\":\"BreadcrumbList\",\"@id\":\"https:\/\/sefiro.de\/en\/2014\/04\/09\/neue-food-watch-analyse-rechtlos-im-supermarkt\/#breadcrumb\",\"itemListElement\":[{\"@type\":\"ListItem\",\"position\":1,\"name\":\"Home\",\"item\":\"https:\/\/sefiro.de\/\"},{\"@type\":\"ListItem\",\"position\":2,\"name\":\"Neue Food-Watch-Analyse \u201eRechtlos im Supermarkt\u201c\"}]},{\"@type\":\"WebSite\",\"@id\":\"https:\/\/sefiro.de\/#website\",\"url\":\"https:\/\/sefiro.de\/\",\"name\":\"SEFIRO GROUP\",\"description\":\"Qualit\u00e4t und Sicherheit\",\"publisher\":{\"@id\":\"https:\/\/sefiro.de\/#organization\"},\"potentialAction\":[{\"@type\":\"SearchAction\",\"target\":{\"@type\":\"EntryPoint\",\"urlTemplate\":\"https:\/\/sefiro.de\/?s={search_term_string}\"},\"query-input\":\"required name=search_term_string\"}],\"inLanguage\":\"en-GB\"},{\"@type\":\"Organization\",\"@id\":\"https:\/\/sefiro.de\/#organization\",\"name\":\"SEFIRO GROUP\",\"url\":\"https:\/\/sefiro.de\/\",\"logo\":{\"@type\":\"ImageObject\",\"inLanguage\":\"en-GB\",\"@id\":\"https:\/\/sefiro.de\/#\/schema\/logo\/image\/\",\"url\":\"https:\/\/sefiro.de\/wp-content\/uploads\/2021\/04\/SEFIRO_Logo_Group_4C_Final_21-12_WEB.jpg\",\"contentUrl\":\"https:\/\/sefiro.de\/wp-content\/uploads\/2021\/04\/SEFIRO_Logo_Group_4C_Final_21-12_WEB.jpg\",\"width\":1012,\"height\":454,\"caption\":\"SEFIRO GROUP\"},\"image\":{\"@id\":\"https:\/\/sefiro.de\/#\/schema\/logo\/image\/\"}},{\"@type\":\"Person\",\"@id\":\"https:\/\/sefiro.de\/#\/schema\/person\/8fae18c4eb743ab18f99d206493eb009\",\"name\":\"Julia Rau\",\"image\":{\"@type\":\"ImageObject\",\"inLanguage\":\"en-GB\",\"@id\":\"https:\/\/sefiro.de\/#\/schema\/person\/image\/\",\"url\":\"https:\/\/secure.gravatar.com\/avatar\/07a2e132bd3c82222edbec571358df131f0a750ff3b5a6c1963d0a05db716d0e?s=96&d=mm&r=g\",\"contentUrl\":\"https:\/\/secure.gravatar.com\/avatar\/07a2e132bd3c82222edbec571358df131f0a750ff3b5a6c1963d0a05db716d0e?s=96&d=mm&r=g\",\"caption\":\"Julia Rau\"}}]}<\/script>\n<!-- \/ Yoast SEO plugin. -->","yoast_head_json":{"title":"Neue Food-Watch-Analyse \u201eRechtlos im Supermarkt\u201c &ndash; SEFIRO GROUP","robots":{"index":"index","follow":"follow","max-snippet":"max-snippet:-1","max-image-preview":"max-image-preview:large","max-video-preview":"max-video-preview:-1"},"canonical":"https:\/\/sefiro.de\/en\/2014\/04\/09\/neue-food-watch-analyse-rechtlos-im-supermarkt\/","og_locale":"en_GB","og_type":"article","og_title":"Neue Food-Watch-Analyse \u201eRechtlos im Supermarkt\u201c &ndash; SEFIRO GROUP","og_description":"Food-Watch hat seinen 19 Seiten langen Report \u201eRechtlos im Supermarkt\u201c ver\u00f6ffentlicht. Forderungen zur \u201ekonsequenten Umsetzung des \u201eVorsorgeprinzips\u201c und des Pr\u00e4ventionsgedankens, Aufbau eines effektiven R\u00fcckverfolgbarkeitssystems \u00fcber die gesamte Lieferkette, umfassende und effektive Informationspflichten f\u00fcr Beh\u00f6rden und Unternehmen, die Einf\u00fchrung eines Unternehmensstrafrechts und ein Normenkontroll-Verbandsklagerecht f\u00fcr Verbraucherverb\u00e4nde auf nationaler und EU-Ebene\u201c werden hier formuliert. Der Bund f\u00fcr &hellip; Neue Food-Watch-Analyse \u201eRechtlos im Supermarkt\u201c Read More &raquo;","og_url":"https:\/\/sefiro.de\/en\/2014\/04\/09\/neue-food-watch-analyse-rechtlos-im-supermarkt\/","og_site_name":"SEFIRO GROUP","article_published_time":"2014-04-09T15:56:00+00:00","article_modified_time":"2021-07-22T15:57:24+00:00","og_image":[{"width":1920,"height":1271,"url":"https:\/\/sefiro.de\/wp-content\/uploads\/2021\/07\/financial-2860753_1920.jpg","type":"image\/jpeg"}],"author":"Julia Rau","twitter_card":"summary_large_image","twitter_misc":{"Written by":"Julia Rau","Estimated reading time":"1 minute"},"schema":{"@context":"https:\/\/schema.org","@graph":[{"@type":"Article","@id":"https:\/\/sefiro.de\/en\/2014\/04\/09\/neue-food-watch-analyse-rechtlos-im-supermarkt\/#article","isPartOf":{"@id":"https:\/\/sefiro.de\/en\/2014\/04\/09\/neue-food-watch-analyse-rechtlos-im-supermarkt\/"},"author":{"name":"Julia Rau","@id":"https:\/\/sefiro.de\/#\/schema\/person\/8fae18c4eb743ab18f99d206493eb009"},"headline":"Neue Food-Watch-Analyse \u201eRechtlos im Supermarkt\u201c","datePublished":"2014-04-09T15:56:00+00:00","dateModified":"2021-07-22T15:57:24+00:00","mainEntityOfPage":{"@id":"https:\/\/sefiro.de\/en\/2014\/04\/09\/neue-food-watch-analyse-rechtlos-im-supermarkt\/"},"wordCount":93,"publisher":{"@id":"https:\/\/sefiro.de\/#organization"},"articleSection":["Berichte &amp; Daten","Empfehlungen &amp; Verbraucherschutz","News","NGO\u00b4S &amp; Testinstitutionen"],"inLanguage":"en-GB"},{"@type":"WebPage","@id":"https:\/\/sefiro.de\/en\/2014\/04\/09\/neue-food-watch-analyse-rechtlos-im-supermarkt\/","url":"https:\/\/sefiro.de\/en\/2014\/04\/09\/neue-food-watch-analyse-rechtlos-im-supermarkt\/","name":"Neue Food-Watch-Analyse \u201eRechtlos im Supermarkt\u201c &ndash; SEFIRO GROUP","isPartOf":{"@id":"https:\/\/sefiro.de\/#website"},"datePublished":"2014-04-09T15:56:00+00:00","dateModified":"2021-07-22T15:57:24+00:00","breadcrumb":{"@id":"https:\/\/sefiro.de\/en\/2014\/04\/09\/neue-food-watch-analyse-rechtlos-im-supermarkt\/#breadcrumb"},"inLanguage":"en-GB","potentialAction":[{"@type":"ReadAction","target":["https:\/\/sefiro.de\/en\/2014\/04\/09\/neue-food-watch-analyse-rechtlos-im-supermarkt\/"]}]},{"@type":"BreadcrumbList","@id":"https:\/\/sefiro.de\/en\/2014\/04\/09\/neue-food-watch-analyse-rechtlos-im-supermarkt\/#breadcrumb","itemListElement":[{"@type":"ListItem","position":1,"name":"Home","item":"https:\/\/sefiro.de\/"},{"@type":"ListItem","position":2,"name":"Neue Food-Watch-Analyse \u201eRechtlos im Supermarkt\u201c"}]},{"@type":"WebSite","@id":"https:\/\/sefiro.de\/#website","url":"https:\/\/sefiro.de\/","name":"SEFIRO GROUP","description":"Qualit\u00e4t und Sicherheit","publisher":{"@id":"https:\/\/sefiro.de\/#organization"},"potentialAction":[{"@type":"SearchAction","target":{"@type":"EntryPoint","urlTemplate":"https:\/\/sefiro.de\/?s={search_term_string}"},"query-input":"required name=search_term_string"}],"inLanguage":"en-GB"},{"@type":"Organization","@id":"https:\/\/sefiro.de\/#organization","name":"SEFIRO GROUP","url":"https:\/\/sefiro.de\/","logo":{"@type":"ImageObject","inLanguage":"en-GB","@id":"https:\/\/sefiro.de\/#\/schema\/logo\/image\/","url":"https:\/\/sefiro.de\/wp-content\/uploads\/2021\/04\/SEFIRO_Logo_Group_4C_Final_21-12_WEB.jpg","contentUrl":"https:\/\/sefiro.de\/wp-content\/uploads\/2021\/04\/SEFIRO_Logo_Group_4C_Final_21-12_WEB.jpg","width":1012,"height":454,"caption":"SEFIRO GROUP"},"image":{"@id":"https:\/\/sefiro.de\/#\/schema\/logo\/image\/"}},{"@type":"Person","@id":"https:\/\/sefiro.de\/#\/schema\/person\/8fae18c4eb743ab18f99d206493eb009","name":"Julia Rau","image":{"@type":"ImageObject","inLanguage":"en-GB","@id":"https:\/\/sefiro.de\/#\/schema\/person\/image\/","url":"https:\/\/secure.gravatar.com\/avatar\/07a2e132bd3c82222edbec571358df131f0a750ff3b5a6c1963d0a05db716d0e?s=96&d=mm&r=g","contentUrl":"https:\/\/secure.gravatar.com\/avatar\/07a2e132bd3c82222edbec571358df131f0a750ff3b5a6c1963d0a05db716d0e?s=96&d=mm&r=g","caption":"Julia Rau"}}]}},"jetpack_featured_media_url":"https:\/\/sefiro.de\/wp-content\/uploads\/2021\/07\/financial-2860753_1920.jpg","_links":{"self":[{"href":"https:\/\/sefiro.de\/en\/wp-json\/wp\/v2\/posts\/3063","targetHints":{"allow":["GET"]}}],"collection":[{"href":"https:\/\/sefiro.de\/en\/wp-json\/wp\/v2\/posts"}],"about":[{"href":"https:\/\/sefiro.de\/en\/wp-json\/wp\/v2\/types\/post"}],"author":[{"embeddable":true,"href":"https:\/\/sefiro.de\/en\/wp-json\/wp\/v2\/users\/3"}],"replies":[{"embeddable":true,"href":"https:\/\/sefiro.de\/en\/wp-json\/wp\/v2\/comments?post=3063"}],"version-history":[{"count":1,"href":"https:\/\/sefiro.de\/en\/wp-json\/wp\/v2\/posts\/3063\/revisions"}],"predecessor-version":[{"id":3064,"href":"https:\/\/sefiro.de\/en\/wp-json\/wp\/v2\/posts\/3063\/revisions\/3064"}],"wp:featuredmedia":[{"embeddable":true,"href":"https:\/\/sefiro.de\/en\/wp-json\/wp\/v2\/media\/2554"}],"wp:attachment":[{"href":"https:\/\/sefiro.de\/en\/wp-json\/wp\/v2\/media?parent=3063"}],"wp:term":[{"taxonomy":"category","embeddable":true,"href":"https:\/\/sefiro.de\/en\/wp-json\/wp\/v2\/categories?post=3063"},{"taxonomy":"post_tag","embeddable":true,"href":"https:\/\/sefiro.de\/en\/wp-json\/wp\/v2\/tags?post=3063"}],"curies":[{"name":"wp","href":"https:\/\/api.w.org\/{rel}","templated":true}]}}