{"id":3262,"date":"2021-06-20T15:32:00","date_gmt":"2021-06-20T13:32:00","guid":{"rendered":"https:\/\/sefiro-wordpress.fleno-gmbh.de\/?p=3262"},"modified":"2021-09-20T15:35:19","modified_gmt":"2021-09-20T13:35:19","slug":"kommission-stellt-einheitliche-anwendung-neuer-regeln-ab-juli-sicher","status":"publish","type":"post","link":"https:\/\/sefiro.de\/en\/2021\/06\/20\/kommission-stellt-einheitliche-anwendung-neuer-regeln-ab-juli-sicher\/","title":{"rendered":"Einwegplastik: Kommission stellt einheitliche Anwendung neuer Regeln ab Juli sicher"},"content":{"rendered":"<div data-elementor-type=\"wp-post\" data-elementor-id=\"3262\" class=\"elementor elementor-3262\">\n\t\t\t\t\t\t\t\t\t<section class=\"elementor-section elementor-top-section elementor-element elementor-element-405b85c4 elementor-section-boxed elementor-section-height-default elementor-section-height-default\" data-id=\"405b85c4\" data-element_type=\"section\">\n\t\t\t\t\t\t<div class=\"elementor-container elementor-column-gap-default\">\n\t\t\t\t\t<div class=\"elementor-column elementor-col-100 elementor-top-column elementor-element elementor-element-73b3038c\" data-id=\"73b3038c\" data-element_type=\"column\">\n\t\t\t<div class=\"elementor-widget-wrap elementor-element-populated\">\n\t\t\t\t\t\t\t\t<div class=\"elementor-element elementor-element-7ffb1f50 elementor-widget elementor-widget-text-editor\" data-id=\"7ffb1f50\" data-element_type=\"widget\" data-widget_type=\"text-editor.default\">\n\t\t\t\t<div class=\"elementor-widget-container\">\n\t\t\t\t\t\t\t<p><!-- wp:paragraph --><\/p><p>Die Europ\u00e4ische Kommission hat heute Leitlinien ver\u00f6ffentlicht, um sicherzustellen, dass die ab 3. Juli geltenden Vorgaben zu Einwegplastikprodukten EU-weit einheitlich angewendet werden.<\/p><p>31.05.2021<\/p><ul><li>Das Europ\u00e4ische Parlament und die EU-Staaten hatten 2019 unter anderem beschlossen, dass dann bestimmte Einwegplastikprodukte nicht mehr auf den EU-Markt gebracht werden d\u00fcrfen, f\u00fcr die es erschwingliche plastikfreie Alternativen gibt.<\/li><li>Zudem sollen Zahlen zu in Verkehr gebrachten und gesammelten Fischerei-Fangger\u00e4ten gemeldet werden. Diese machen fast 30 Prozent der Strandabf\u00e4lle aus.<\/li><li>Die neuen Vorschriften zielen darauf ab, die Meeresverschmutzung durch Einwegplastikprodukte und Fangger\u00e4te zu reduzieren und den \u00dcbergang zu einer Kreislaufwirtschaft mit innovativen und nachhaltigen Gesch\u00e4ftsmodellen, Produkten und Materialien zu f\u00f6rdern.<\/li><li>Nicht mehr in Verkehr gebracht werden d\u00fcrfen ab Juli folgende Einwegplastikprodukte: Wattest\u00e4bchen, Besteck, Teller, Strohhalme, R\u00fchrst\u00e4bchen, Luftballonst\u00e4bchen sowie einige Produkte aus expandiertem Polystyrol (Becher und Lebensmittel- und Getr\u00e4nkebeh\u00e4lter) und alle Produkte aus oxo-abbaubarem Kunststoff.<\/li><li>F\u00fcr andere Kunststoffprodukte, wie z. B. Fischereiger\u00e4te, Einweg-Plastikt\u00fcten, Flaschen, Getr\u00e4nke- und Lebensmittelbeh\u00e4lter f\u00fcr den sofortigen Verzehr, Verpackungen und Umh\u00fcllungen, Tabakfilter, Hygieneartikel und Feuchtt\u00fccher, gelten andere Ma\u00dfnahmen, wie bessere Kennzeichnung, Sensibilisierungskampagnen, um ihren Verbrauch zu verringern, und Anforderungen an das Produktdesign.<\/li><li>Die Leitlinien sollen sicherstellen, dass die neuen Regeln in der gesamten EU korrekt und einheitlich angewendet werden.<\/li><li>Die harmonisierte Umsetzung in nationales Recht ist wichtig f\u00fcr das reibungslose Funktionieren des Binnenmarktes in Bezug auf die Produkte, die unter diese Vorschriften fallen.<\/li><li>Die Leitlinien erl\u00e4utern die wichtigsten Definitionen und Begriffe und wurden im Rahmen umfangreicher Konsultationen mit den Mitgliedstaaten und in Interaktion mit einer Vielzahl von Interessengruppen entwickelt.<\/li><li>Mehr als 80 Prozent des Meeresm\u00fclls besteht aus Kunststoffen. Einweg-Plastikprodukte werden nur einmal oder f\u00fcr einen kurzen Zeitraum benutzt, bevor sie weggeworfen werden. Sie landen daher mit gr\u00f6\u00dferer Wahrscheinlichkeit in unseren Meeren als wiederverwendbare Produkte.<\/li><\/ul><p>Mehr Informationen finden Sie unter: <a href=\"https:\/\/www.recyclingmagazin.de\/2021\/05\/31\/kommission-stellt-einheitliche-anwendung-neuer-regeln-ab-juli-sicher\/?utm_source=RMNL%5F210604\" target=\"_blank\" rel=\"noopener\">https:\/\/www.recyclingmagazin.de\/2021\/05\/31\/kommission-stellt-einheitliche-anwendung-neuer-regeln-ab-juli-sicher\/?utm_source=RMNL%5F210604<\/a><\/p><p><!-- \/wp:paragraph --><!-- wp:paragraph --><!-- \/wp:paragraph --><\/p>\t\t\t\t\t\t<\/div>\n\t\t\t\t<\/div>\n\t\t\t\t\t<\/div>\n\t\t<\/div>\n\t\t\t\t\t\t\t<\/div>\n\t\t<\/section>\n\t\t\t\t\t\t\t<\/div>","protected":false},"excerpt":{"rendered":"<p>Die Europ\u00e4ische Kommission hat heute Leitlinien ver\u00f6ffentlicht, um sicherzustellen, dass die ab 3. Juli geltenden Vorgaben zu Einwegplastikprodukten EU-weit einheitlich angewendet werden. 31.05.2021 Das Europ\u00e4ische Parlament und die EU-Staaten hatten 2019 unter anderem beschlossen, dass dann bestimmte Einwegplastikprodukte nicht mehr auf den EU-Markt gebracht werden d\u00fcrfen, f\u00fcr die es erschwingliche plastikfreie Alternativen gibt. Zudem sollen &hellip;<\/p>\n<p class=\"read-more\"> <a class=\"\" href=\"https:\/\/sefiro.de\/en\/2021\/06\/20\/kommission-stellt-einheitliche-anwendung-neuer-regeln-ab-juli-sicher\/\"> <span class=\"screen-reader-text\">Einwegplastik: Kommission stellt einheitliche Anwendung neuer Regeln ab Juli sicher<\/span> Read More &raquo;<\/a><\/p>","protected":false},"author":3,"featured_media":2376,"comment_status":"open","ping_status":"open","sticky":false,"template":"","format":"standard","meta":{"footnotes":""},"categories":[110],"tags":[],"class_list":["post-3262","post","type-post","status-publish","format-standard","has-post-thumbnail","hentry","category-news-nachhaltigkeit-konsumgueter"],"yoast_head":"<!-- This site is optimized with the Yoast SEO plugin v20.7 - https:\/\/yoast.com\/wordpress\/plugins\/seo\/ -->\n<title>Einwegplastik: Kommission stellt einheitliche Anwendung neuer Regeln ab Juli sicher &ndash; SEFIRO GROUP<\/title>\n<meta name=\"robots\" content=\"index, follow, max-snippet:-1, max-image-preview:large, max-video-preview:-1\" \/>\n<link rel=\"canonical\" href=\"https:\/\/sefiro.de\/en\/2021\/06\/20\/kommission-stellt-einheitliche-anwendung-neuer-regeln-ab-juli-sicher\/\" \/>\n<meta property=\"og:locale\" content=\"en_GB\" \/>\n<meta property=\"og:type\" content=\"article\" \/>\n<meta property=\"og:title\" content=\"Einwegplastik: Kommission stellt einheitliche Anwendung neuer Regeln ab Juli sicher &ndash; SEFIRO GROUP\" \/>\n<meta property=\"og:description\" content=\"Die Europ\u00e4ische Kommission hat heute Leitlinien ver\u00f6ffentlicht, um sicherzustellen, dass die ab 3. Juli geltenden Vorgaben zu Einwegplastikprodukten EU-weit einheitlich angewendet werden. 31.05.2021 Das Europ\u00e4ische Parlament und die EU-Staaten hatten 2019 unter anderem beschlossen, dass dann bestimmte Einwegplastikprodukte nicht mehr auf den EU-Markt gebracht werden d\u00fcrfen, f\u00fcr die es erschwingliche plastikfreie Alternativen gibt. Zudem sollen &hellip; Einwegplastik: Kommission stellt einheitliche Anwendung neuer Regeln ab Juli sicher Read More &raquo;\" \/>\n<meta property=\"og:url\" content=\"https:\/\/sefiro.de\/en\/2021\/06\/20\/kommission-stellt-einheitliche-anwendung-neuer-regeln-ab-juli-sicher\/\" \/>\n<meta property=\"og:site_name\" content=\"SEFIRO GROUP\" \/>\n<meta property=\"article:published_time\" content=\"2021-06-20T13:32:00+00:00\" \/>\n<meta property=\"article:modified_time\" content=\"2021-09-20T13:35:19+00:00\" \/>\n<meta property=\"og:image\" content=\"https:\/\/sefiro.de\/wp-content\/uploads\/2021\/07\/meadow-4485609_1920.jpg\" \/>\n\t<meta property=\"og:image:width\" content=\"1920\" \/>\n\t<meta property=\"og:image:height\" content=\"1280\" \/>\n\t<meta property=\"og:image:type\" content=\"image\/jpeg\" \/>\n<meta name=\"author\" content=\"Julia Rau\" \/>\n<meta name=\"twitter:card\" content=\"summary_large_image\" \/>\n<meta name=\"twitter:label1\" content=\"Written by\" \/>\n\t<meta name=\"twitter:data1\" content=\"Julia Rau\" \/>\n\t<meta name=\"twitter:label2\" content=\"Estimated reading time\" \/>\n\t<meta name=\"twitter:data2\" content=\"2 minutes\" \/>\n<script type=\"application\/ld+json\" class=\"yoast-schema-graph\">{\"@context\":\"https:\/\/schema.org\",\"@graph\":[{\"@type\":\"Article\",\"@id\":\"https:\/\/sefiro.de\/2021\/06\/20\/kommission-stellt-einheitliche-anwendung-neuer-regeln-ab-juli-sicher\/#article\",\"isPartOf\":{\"@id\":\"https:\/\/sefiro.de\/2021\/06\/20\/kommission-stellt-einheitliche-anwendung-neuer-regeln-ab-juli-sicher\/\"},\"author\":{\"name\":\"Julia Rau\",\"@id\":\"https:\/\/sefiro.de\/#\/schema\/person\/8fae18c4eb743ab18f99d206493eb009\"},\"headline\":\"Einwegplastik: Kommission stellt einheitliche Anwendung neuer Regeln ab Juli sicher\",\"datePublished\":\"2021-06-20T13:32:00+00:00\",\"dateModified\":\"2021-09-20T13:35:19+00:00\",\"mainEntityOfPage\":{\"@id\":\"https:\/\/sefiro.de\/2021\/06\/20\/kommission-stellt-einheitliche-anwendung-neuer-regeln-ab-juli-sicher\/\"},\"wordCount\":329,\"commentCount\":0,\"publisher\":{\"@id\":\"https:\/\/sefiro.de\/#organization\"},\"articleSection\":[\"Nachhaltigkeit Konsumg\u00fcter\"],\"inLanguage\":\"en-GB\",\"potentialAction\":[{\"@type\":\"CommentAction\",\"name\":\"Comment\",\"target\":[\"https:\/\/sefiro.de\/2021\/06\/20\/kommission-stellt-einheitliche-anwendung-neuer-regeln-ab-juli-sicher\/#respond\"]}]},{\"@type\":\"WebPage\",\"@id\":\"https:\/\/sefiro.de\/2021\/06\/20\/kommission-stellt-einheitliche-anwendung-neuer-regeln-ab-juli-sicher\/\",\"url\":\"https:\/\/sefiro.de\/2021\/06\/20\/kommission-stellt-einheitliche-anwendung-neuer-regeln-ab-juli-sicher\/\",\"name\":\"Einwegplastik: Kommission stellt einheitliche Anwendung neuer Regeln ab Juli sicher &ndash; SEFIRO GROUP\",\"isPartOf\":{\"@id\":\"https:\/\/sefiro.de\/#website\"},\"datePublished\":\"2021-06-20T13:32:00+00:00\",\"dateModified\":\"2021-09-20T13:35:19+00:00\",\"breadcrumb\":{\"@id\":\"https:\/\/sefiro.de\/2021\/06\/20\/kommission-stellt-einheitliche-anwendung-neuer-regeln-ab-juli-sicher\/#breadcrumb\"},\"inLanguage\":\"en-GB\",\"potentialAction\":[{\"@type\":\"ReadAction\",\"target\":[\"https:\/\/sefiro.de\/2021\/06\/20\/kommission-stellt-einheitliche-anwendung-neuer-regeln-ab-juli-sicher\/\"]}]},{\"@type\":\"BreadcrumbList\",\"@id\":\"https:\/\/sefiro.de\/2021\/06\/20\/kommission-stellt-einheitliche-anwendung-neuer-regeln-ab-juli-sicher\/#breadcrumb\",\"itemListElement\":[{\"@type\":\"ListItem\",\"position\":1,\"name\":\"Home\",\"item\":\"https:\/\/sefiro.de\/\"},{\"@type\":\"ListItem\",\"position\":2,\"name\":\"Einwegplastik: Kommission stellt einheitliche Anwendung neuer Regeln ab Juli sicher\"}]},{\"@type\":\"WebSite\",\"@id\":\"https:\/\/sefiro.de\/#website\",\"url\":\"https:\/\/sefiro.de\/\",\"name\":\"SEFIRO GROUP\",\"description\":\"Qualit\u00e4t und Sicherheit\",\"publisher\":{\"@id\":\"https:\/\/sefiro.de\/#organization\"},\"potentialAction\":[{\"@type\":\"SearchAction\",\"target\":{\"@type\":\"EntryPoint\",\"urlTemplate\":\"https:\/\/sefiro.de\/?s={search_term_string}\"},\"query-input\":\"required name=search_term_string\"}],\"inLanguage\":\"en-GB\"},{\"@type\":\"Organization\",\"@id\":\"https:\/\/sefiro.de\/#organization\",\"name\":\"SEFIRO GROUP\",\"url\":\"https:\/\/sefiro.de\/\",\"logo\":{\"@type\":\"ImageObject\",\"inLanguage\":\"en-GB\",\"@id\":\"https:\/\/sefiro.de\/#\/schema\/logo\/image\/\",\"url\":\"https:\/\/sefiro.de\/wp-content\/uploads\/2021\/04\/SEFIRO_Logo_Group_4C_Final_21-12_WEB.jpg\",\"contentUrl\":\"https:\/\/sefiro.de\/wp-content\/uploads\/2021\/04\/SEFIRO_Logo_Group_4C_Final_21-12_WEB.jpg\",\"width\":1012,\"height\":454,\"caption\":\"SEFIRO GROUP\"},\"image\":{\"@id\":\"https:\/\/sefiro.de\/#\/schema\/logo\/image\/\"}},{\"@type\":\"Person\",\"@id\":\"https:\/\/sefiro.de\/#\/schema\/person\/8fae18c4eb743ab18f99d206493eb009\",\"name\":\"Julia Rau\",\"image\":{\"@type\":\"ImageObject\",\"inLanguage\":\"en-GB\",\"@id\":\"https:\/\/sefiro.de\/#\/schema\/person\/image\/\",\"url\":\"https:\/\/secure.gravatar.com\/avatar\/07a2e132bd3c82222edbec571358df131f0a750ff3b5a6c1963d0a05db716d0e?s=96&d=mm&r=g\",\"contentUrl\":\"https:\/\/secure.gravatar.com\/avatar\/07a2e132bd3c82222edbec571358df131f0a750ff3b5a6c1963d0a05db716d0e?s=96&d=mm&r=g\",\"caption\":\"Julia Rau\"}}]}<\/script>\n<!-- \/ Yoast SEO plugin. -->","yoast_head_json":{"title":"Einwegplastik: Kommission stellt einheitliche Anwendung neuer Regeln ab Juli sicher &ndash; SEFIRO GROUP","robots":{"index":"index","follow":"follow","max-snippet":"max-snippet:-1","max-image-preview":"max-image-preview:large","max-video-preview":"max-video-preview:-1"},"canonical":"https:\/\/sefiro.de\/en\/2021\/06\/20\/kommission-stellt-einheitliche-anwendung-neuer-regeln-ab-juli-sicher\/","og_locale":"en_GB","og_type":"article","og_title":"Einwegplastik: Kommission stellt einheitliche Anwendung neuer Regeln ab Juli sicher &ndash; SEFIRO GROUP","og_description":"Die Europ\u00e4ische Kommission hat heute Leitlinien ver\u00f6ffentlicht, um sicherzustellen, dass die ab 3. Juli geltenden Vorgaben zu Einwegplastikprodukten EU-weit einheitlich angewendet werden. 31.05.2021 Das Europ\u00e4ische Parlament und die EU-Staaten hatten 2019 unter anderem beschlossen, dass dann bestimmte Einwegplastikprodukte nicht mehr auf den EU-Markt gebracht werden d\u00fcrfen, f\u00fcr die es erschwingliche plastikfreie Alternativen gibt. Zudem sollen &hellip; Einwegplastik: Kommission stellt einheitliche Anwendung neuer Regeln ab Juli sicher Read More &raquo;","og_url":"https:\/\/sefiro.de\/en\/2021\/06\/20\/kommission-stellt-einheitliche-anwendung-neuer-regeln-ab-juli-sicher\/","og_site_name":"SEFIRO GROUP","article_published_time":"2021-06-20T13:32:00+00:00","article_modified_time":"2021-09-20T13:35:19+00:00","og_image":[{"width":1920,"height":1280,"url":"https:\/\/sefiro.de\/wp-content\/uploads\/2021\/07\/meadow-4485609_1920.jpg","type":"image\/jpeg"}],"author":"Julia Rau","twitter_card":"summary_large_image","twitter_misc":{"Written by":"Julia Rau","Estimated reading time":"2 minutes"},"schema":{"@context":"https:\/\/schema.org","@graph":[{"@type":"Article","@id":"https:\/\/sefiro.de\/2021\/06\/20\/kommission-stellt-einheitliche-anwendung-neuer-regeln-ab-juli-sicher\/#article","isPartOf":{"@id":"https:\/\/sefiro.de\/2021\/06\/20\/kommission-stellt-einheitliche-anwendung-neuer-regeln-ab-juli-sicher\/"},"author":{"name":"Julia Rau","@id":"https:\/\/sefiro.de\/#\/schema\/person\/8fae18c4eb743ab18f99d206493eb009"},"headline":"Einwegplastik: Kommission stellt einheitliche Anwendung neuer Regeln ab Juli sicher","datePublished":"2021-06-20T13:32:00+00:00","dateModified":"2021-09-20T13:35:19+00:00","mainEntityOfPage":{"@id":"https:\/\/sefiro.de\/2021\/06\/20\/kommission-stellt-einheitliche-anwendung-neuer-regeln-ab-juli-sicher\/"},"wordCount":329,"commentCount":0,"publisher":{"@id":"https:\/\/sefiro.de\/#organization"},"articleSection":["Nachhaltigkeit Konsumg\u00fcter"],"inLanguage":"en-GB","potentialAction":[{"@type":"CommentAction","name":"Comment","target":["https:\/\/sefiro.de\/2021\/06\/20\/kommission-stellt-einheitliche-anwendung-neuer-regeln-ab-juli-sicher\/#respond"]}]},{"@type":"WebPage","@id":"https:\/\/sefiro.de\/2021\/06\/20\/kommission-stellt-einheitliche-anwendung-neuer-regeln-ab-juli-sicher\/","url":"https:\/\/sefiro.de\/2021\/06\/20\/kommission-stellt-einheitliche-anwendung-neuer-regeln-ab-juli-sicher\/","name":"Einwegplastik: Kommission stellt einheitliche Anwendung neuer Regeln ab Juli sicher &ndash; SEFIRO GROUP","isPartOf":{"@id":"https:\/\/sefiro.de\/#website"},"datePublished":"2021-06-20T13:32:00+00:00","dateModified":"2021-09-20T13:35:19+00:00","breadcrumb":{"@id":"https:\/\/sefiro.de\/2021\/06\/20\/kommission-stellt-einheitliche-anwendung-neuer-regeln-ab-juli-sicher\/#breadcrumb"},"inLanguage":"en-GB","potentialAction":[{"@type":"ReadAction","target":["https:\/\/sefiro.de\/2021\/06\/20\/kommission-stellt-einheitliche-anwendung-neuer-regeln-ab-juli-sicher\/"]}]},{"@type":"BreadcrumbList","@id":"https:\/\/sefiro.de\/2021\/06\/20\/kommission-stellt-einheitliche-anwendung-neuer-regeln-ab-juli-sicher\/#breadcrumb","itemListElement":[{"@type":"ListItem","position":1,"name":"Home","item":"https:\/\/sefiro.de\/"},{"@type":"ListItem","position":2,"name":"Einwegplastik: Kommission stellt einheitliche Anwendung neuer Regeln ab Juli sicher"}]},{"@type":"WebSite","@id":"https:\/\/sefiro.de\/#website","url":"https:\/\/sefiro.de\/","name":"SEFIRO GROUP","description":"Qualit\u00e4t und Sicherheit","publisher":{"@id":"https:\/\/sefiro.de\/#organization"},"potentialAction":[{"@type":"SearchAction","target":{"@type":"EntryPoint","urlTemplate":"https:\/\/sefiro.de\/?s={search_term_string}"},"query-input":"required name=search_term_string"}],"inLanguage":"en-GB"},{"@type":"Organization","@id":"https:\/\/sefiro.de\/#organization","name":"SEFIRO GROUP","url":"https:\/\/sefiro.de\/","logo":{"@type":"ImageObject","inLanguage":"en-GB","@id":"https:\/\/sefiro.de\/#\/schema\/logo\/image\/","url":"https:\/\/sefiro.de\/wp-content\/uploads\/2021\/04\/SEFIRO_Logo_Group_4C_Final_21-12_WEB.jpg","contentUrl":"https:\/\/sefiro.de\/wp-content\/uploads\/2021\/04\/SEFIRO_Logo_Group_4C_Final_21-12_WEB.jpg","width":1012,"height":454,"caption":"SEFIRO GROUP"},"image":{"@id":"https:\/\/sefiro.de\/#\/schema\/logo\/image\/"}},{"@type":"Person","@id":"https:\/\/sefiro.de\/#\/schema\/person\/8fae18c4eb743ab18f99d206493eb009","name":"Julia Rau","image":{"@type":"ImageObject","inLanguage":"en-GB","@id":"https:\/\/sefiro.de\/#\/schema\/person\/image\/","url":"https:\/\/secure.gravatar.com\/avatar\/07a2e132bd3c82222edbec571358df131f0a750ff3b5a6c1963d0a05db716d0e?s=96&d=mm&r=g","contentUrl":"https:\/\/secure.gravatar.com\/avatar\/07a2e132bd3c82222edbec571358df131f0a750ff3b5a6c1963d0a05db716d0e?s=96&d=mm&r=g","caption":"Julia Rau"}}]}},"jetpack_featured_media_url":"https:\/\/sefiro.de\/wp-content\/uploads\/2021\/07\/meadow-4485609_1920.jpg","_links":{"self":[{"href":"https:\/\/sefiro.de\/en\/wp-json\/wp\/v2\/posts\/3262","targetHints":{"allow":["GET"]}}],"collection":[{"href":"https:\/\/sefiro.de\/en\/wp-json\/wp\/v2\/posts"}],"about":[{"href":"https:\/\/sefiro.de\/en\/wp-json\/wp\/v2\/types\/post"}],"author":[{"embeddable":true,"href":"https:\/\/sefiro.de\/en\/wp-json\/wp\/v2\/users\/3"}],"replies":[{"embeddable":true,"href":"https:\/\/sefiro.de\/en\/wp-json\/wp\/v2\/comments?post=3262"}],"version-history":[{"count":5,"href":"https:\/\/sefiro.de\/en\/wp-json\/wp\/v2\/posts\/3262\/revisions"}],"predecessor-version":[{"id":3267,"href":"https:\/\/sefiro.de\/en\/wp-json\/wp\/v2\/posts\/3262\/revisions\/3267"}],"wp:featuredmedia":[{"embeddable":true,"href":"https:\/\/sefiro.de\/en\/wp-json\/wp\/v2\/media\/2376"}],"wp:attachment":[{"href":"https:\/\/sefiro.de\/en\/wp-json\/wp\/v2\/media?parent=3262"}],"wp:term":[{"taxonomy":"category","embeddable":true,"href":"https:\/\/sefiro.de\/en\/wp-json\/wp\/v2\/categories?post=3262"},{"taxonomy":"post_tag","embeddable":true,"href":"https:\/\/sefiro.de\/en\/wp-json\/wp\/v2\/tags?post=3262"}],"curies":[{"name":"wp","href":"https:\/\/api.w.org\/{rel}","templated":true}]}}