{"id":3268,"date":"2021-06-20T15:35:00","date_gmt":"2021-06-20T13:35:00","guid":{"rendered":"https:\/\/sefiro-wordpress.fleno-gmbh.de\/?p=3268"},"modified":"2021-09-20T15:37:21","modified_gmt":"2021-09-20T13:37:21","slug":"europaeischer-gruener-deal-kommission-strebt-null-schadstoff-ziel-fuer-luft-wasser-und-boden-an","status":"publish","type":"post","link":"https:\/\/sefiro.de\/en\/2021\/06\/20\/europaeischer-gruener-deal-kommission-strebt-null-schadstoff-ziel-fuer-luft-wasser-und-boden-an\/","title":{"rendered":"Europ\u00e4ischer Gr\u00fcner Deal: Kommission strebt Null-Schadstoff-Ziel f\u00fcr Luft, Wasser und Boden an"},"content":{"rendered":"<div data-elementor-type=\"wp-post\" data-elementor-id=\"3268\" class=\"elementor elementor-3268\">\n\t\t\t\t\t\t\t\t\t<section class=\"elementor-section elementor-top-section elementor-element elementor-element-6d729ff3 elementor-section-boxed elementor-section-height-default elementor-section-height-default\" data-id=\"6d729ff3\" data-element_type=\"section\">\n\t\t\t\t\t\t<div class=\"elementor-container elementor-column-gap-default\">\n\t\t\t\t\t<div class=\"elementor-column elementor-col-100 elementor-top-column elementor-element elementor-element-109b8884\" data-id=\"109b8884\" data-element_type=\"column\">\n\t\t\t<div class=\"elementor-widget-wrap elementor-element-populated\">\n\t\t\t\t\t\t\t\t<div class=\"elementor-element elementor-element-724aed19 elementor-widget elementor-widget-text-editor\" data-id=\"724aed19\" data-element_type=\"widget\" data-widget_type=\"text-editor.default\">\n\t\t\t\t<div class=\"elementor-widget-container\">\n\t\t\t\t\t\t\t<p><!-- wp:paragraph --><\/p><p>Die Europ\u00e4ische Kommission hat den EU-Aktionsplan zur Schadstofffreiheit von Luft, Wasser und Boden verabschiedet \u2013 ein wichtiges Ziel des europ\u00e4ischen Gr\u00fcnen Deals und das Hauptthema der diesj\u00e4hrigen Gr\u00fcnen Woche der EU.<\/p><ul><li>Um die EU auf Kurs zu einem gesunden Planeten f\u00fcr gesunde Menschen im Jahr 2050 zu bringen, hat der Aktionsplan Etappenziele f\u00fcr die Verringerung der Umweltverschmutzung an der Quelle bis 2030 und einen umfangreichen Aktionsplan definiert.<\/li><li>Zusammen mit der 2020 verabschiedeten Nachhaltigkeitsstrategie f\u00fcr Chemikalien setzt der Aktionsplan das Null-Schadstoff-Ziel der EU f\u00fcr eine saubere Umwelt in die Tat um.<\/li><li>Er geht Hand in Hand mit den EU-Zielen Klimaneutralit\u00e4t, Gesundheit, biologische Vielfalt und Ressourceneffizienz und baut auf Initiativen in den Bereichen Energie, Industrie, Mobilit\u00e4t, Nahrungsmittel, Kreislaufwirtschaft und Landwirtschaft auf.<\/li><li>Folge: Es werden aus diesen Vorgaben zuk\u00fcnftig in erheblichem Umfang neue Gesetzgebungen entstehen die u.a. in vielf\u00e4ltiger Weise auch Konsumg\u00fcter betreffen werden.<\/li><\/ul><p>Weitere Informationen erhalten Sie unter: <a href=\"https:\/\/www.bvse.de\/recycling\/recycling-nachrichten\/7238-europaeischer-gruener-deal-kommission-strebt-null-schadstoff-ziel-fuer-luft-wasser-und-boden-an.html\" target=\"_blank\" rel=\"noopener\">https:\/\/www.bvse.de\/recycling\/recycling-nachrichten\/7238-europaeischer-gruener-deal-kommission-strebt-null-schadstoff-ziel-fuer-luft-wasser-und-boden-an.html<\/a><\/p><p><!-- \/wp:paragraph --><!-- wp:paragraph --><!-- \/wp:paragraph --><\/p>\t\t\t\t\t\t<\/div>\n\t\t\t\t<\/div>\n\t\t\t\t\t<\/div>\n\t\t<\/div>\n\t\t\t\t\t\t\t<\/div>\n\t\t<\/section>\n\t\t\t\t\t\t\t<\/div>","protected":false},"excerpt":{"rendered":"<p>Die Europ\u00e4ische Kommission hat den EU-Aktionsplan zur Schadstofffreiheit von Luft, Wasser und Boden verabschiedet \u2013 ein wichtiges Ziel des europ\u00e4ischen Gr\u00fcnen Deals und das Hauptthema der diesj\u00e4hrigen Gr\u00fcnen Woche der EU. Um die EU auf Kurs zu einem gesunden Planeten f\u00fcr gesunde Menschen im Jahr 2050 zu bringen, hat der Aktionsplan Etappenziele f\u00fcr die Verringerung &hellip;<\/p>\n<p class=\"read-more\"> <a class=\"\" href=\"https:\/\/sefiro.de\/en\/2021\/06\/20\/europaeischer-gruener-deal-kommission-strebt-null-schadstoff-ziel-fuer-luft-wasser-und-boden-an\/\"> <span class=\"screen-reader-text\">Europ\u00e4ischer Gr\u00fcner Deal: Kommission strebt Null-Schadstoff-Ziel f\u00fcr Luft, Wasser und Boden an<\/span> Read More &raquo;<\/a><\/p>","protected":false},"author":3,"featured_media":2376,"comment_status":"open","ping_status":"open","sticky":false,"template":"","format":"standard","meta":{"footnotes":""},"categories":[110],"tags":[],"class_list":["post-3268","post","type-post","status-publish","format-standard","has-post-thumbnail","hentry","category-news-nachhaltigkeit-konsumgueter"],"yoast_head":"<!-- This site is optimized with the Yoast SEO plugin v20.7 - https:\/\/yoast.com\/wordpress\/plugins\/seo\/ -->\n<title>Europ\u00e4ischer Gr\u00fcner Deal: Kommission strebt Null-Schadstoff-Ziel f\u00fcr Luft, Wasser und Boden an &ndash; SEFIRO GROUP<\/title>\n<meta name=\"robots\" content=\"index, follow, max-snippet:-1, max-image-preview:large, max-video-preview:-1\" \/>\n<link rel=\"canonical\" href=\"https:\/\/sefiro.de\/en\/2021\/06\/20\/europaeischer-gruener-deal-kommission-strebt-null-schadstoff-ziel-fuer-luft-wasser-und-boden-an\/\" \/>\n<meta property=\"og:locale\" content=\"en_GB\" \/>\n<meta property=\"og:type\" content=\"article\" \/>\n<meta property=\"og:title\" content=\"Europ\u00e4ischer Gr\u00fcner Deal: Kommission strebt Null-Schadstoff-Ziel f\u00fcr Luft, Wasser und Boden an &ndash; SEFIRO GROUP\" \/>\n<meta property=\"og:description\" content=\"Die Europ\u00e4ische Kommission hat den EU-Aktionsplan zur Schadstofffreiheit von Luft, Wasser und Boden verabschiedet \u2013 ein wichtiges Ziel des europ\u00e4ischen Gr\u00fcnen Deals und das Hauptthema der diesj\u00e4hrigen Gr\u00fcnen Woche der EU. Um die EU auf Kurs zu einem gesunden Planeten f\u00fcr gesunde Menschen im Jahr 2050 zu bringen, hat der Aktionsplan Etappenziele f\u00fcr die Verringerung &hellip; Europ\u00e4ischer Gr\u00fcner Deal: Kommission strebt Null-Schadstoff-Ziel f\u00fcr Luft, Wasser und Boden an Read More &raquo;\" \/>\n<meta property=\"og:url\" content=\"https:\/\/sefiro.de\/en\/2021\/06\/20\/europaeischer-gruener-deal-kommission-strebt-null-schadstoff-ziel-fuer-luft-wasser-und-boden-an\/\" \/>\n<meta property=\"og:site_name\" content=\"SEFIRO GROUP\" \/>\n<meta property=\"article:published_time\" content=\"2021-06-20T13:35:00+00:00\" \/>\n<meta property=\"article:modified_time\" content=\"2021-09-20T13:37:21+00:00\" \/>\n<meta property=\"og:image\" content=\"https:\/\/sefiro.de\/wp-content\/uploads\/2021\/07\/meadow-4485609_1920.jpg\" \/>\n\t<meta property=\"og:image:width\" content=\"1920\" \/>\n\t<meta property=\"og:image:height\" content=\"1280\" \/>\n\t<meta property=\"og:image:type\" content=\"image\/jpeg\" \/>\n<meta name=\"author\" content=\"Julia Rau\" \/>\n<meta name=\"twitter:card\" content=\"summary_large_image\" \/>\n<meta name=\"twitter:label1\" content=\"Written by\" \/>\n\t<meta name=\"twitter:data1\" content=\"Julia Rau\" \/>\n\t<meta name=\"twitter:label2\" content=\"Estimated reading time\" \/>\n\t<meta name=\"twitter:data2\" content=\"1 minute\" \/>\n<script type=\"application\/ld+json\" class=\"yoast-schema-graph\">{\"@context\":\"https:\/\/schema.org\",\"@graph\":[{\"@type\":\"Article\",\"@id\":\"https:\/\/sefiro.de\/en\/2021\/06\/20\/europaeischer-gruener-deal-kommission-strebt-null-schadstoff-ziel-fuer-luft-wasser-und-boden-an\/#article\",\"isPartOf\":{\"@id\":\"https:\/\/sefiro.de\/en\/2021\/06\/20\/europaeischer-gruener-deal-kommission-strebt-null-schadstoff-ziel-fuer-luft-wasser-und-boden-an\/\"},\"author\":{\"name\":\"Julia Rau\",\"@id\":\"https:\/\/sefiro.de\/#\/schema\/person\/8fae18c4eb743ab18f99d206493eb009\"},\"headline\":\"Europ\u00e4ischer Gr\u00fcner Deal: Kommission strebt Null-Schadstoff-Ziel f\u00fcr Luft, Wasser und Boden an\",\"datePublished\":\"2021-06-20T13:35:00+00:00\",\"dateModified\":\"2021-09-20T13:37:21+00:00\",\"mainEntityOfPage\":{\"@id\":\"https:\/\/sefiro.de\/en\/2021\/06\/20\/europaeischer-gruener-deal-kommission-strebt-null-schadstoff-ziel-fuer-luft-wasser-und-boden-an\/\"},\"wordCount\":180,\"commentCount\":0,\"publisher\":{\"@id\":\"https:\/\/sefiro.de\/#organization\"},\"articleSection\":[\"Nachhaltigkeit Konsumg\u00fcter\"],\"inLanguage\":\"en-GB\",\"potentialAction\":[{\"@type\":\"CommentAction\",\"name\":\"Comment\",\"target\":[\"https:\/\/sefiro.de\/en\/2021\/06\/20\/europaeischer-gruener-deal-kommission-strebt-null-schadstoff-ziel-fuer-luft-wasser-und-boden-an\/#respond\"]}]},{\"@type\":\"WebPage\",\"@id\":\"https:\/\/sefiro.de\/en\/2021\/06\/20\/europaeischer-gruener-deal-kommission-strebt-null-schadstoff-ziel-fuer-luft-wasser-und-boden-an\/\",\"url\":\"https:\/\/sefiro.de\/en\/2021\/06\/20\/europaeischer-gruener-deal-kommission-strebt-null-schadstoff-ziel-fuer-luft-wasser-und-boden-an\/\",\"name\":\"Europ\u00e4ischer Gr\u00fcner Deal: Kommission strebt Null-Schadstoff-Ziel f\u00fcr Luft, Wasser und Boden an &ndash; SEFIRO GROUP\",\"isPartOf\":{\"@id\":\"https:\/\/sefiro.de\/#website\"},\"datePublished\":\"2021-06-20T13:35:00+00:00\",\"dateModified\":\"2021-09-20T13:37:21+00:00\",\"breadcrumb\":{\"@id\":\"https:\/\/sefiro.de\/en\/2021\/06\/20\/europaeischer-gruener-deal-kommission-strebt-null-schadstoff-ziel-fuer-luft-wasser-und-boden-an\/#breadcrumb\"},\"inLanguage\":\"en-GB\",\"potentialAction\":[{\"@type\":\"ReadAction\",\"target\":[\"https:\/\/sefiro.de\/en\/2021\/06\/20\/europaeischer-gruener-deal-kommission-strebt-null-schadstoff-ziel-fuer-luft-wasser-und-boden-an\/\"]}]},{\"@type\":\"BreadcrumbList\",\"@id\":\"https:\/\/sefiro.de\/en\/2021\/06\/20\/europaeischer-gruener-deal-kommission-strebt-null-schadstoff-ziel-fuer-luft-wasser-und-boden-an\/#breadcrumb\",\"itemListElement\":[{\"@type\":\"ListItem\",\"position\":1,\"name\":\"Home\",\"item\":\"https:\/\/sefiro.de\/\"},{\"@type\":\"ListItem\",\"position\":2,\"name\":\"Europ\u00e4ischer Gr\u00fcner Deal: Kommission strebt Null-Schadstoff-Ziel f\u00fcr Luft, Wasser und Boden an\"}]},{\"@type\":\"WebSite\",\"@id\":\"https:\/\/sefiro.de\/#website\",\"url\":\"https:\/\/sefiro.de\/\",\"name\":\"SEFIRO GROUP\",\"description\":\"Qualit\u00e4t und Sicherheit\",\"publisher\":{\"@id\":\"https:\/\/sefiro.de\/#organization\"},\"potentialAction\":[{\"@type\":\"SearchAction\",\"target\":{\"@type\":\"EntryPoint\",\"urlTemplate\":\"https:\/\/sefiro.de\/?s={search_term_string}\"},\"query-input\":\"required name=search_term_string\"}],\"inLanguage\":\"en-GB\"},{\"@type\":\"Organization\",\"@id\":\"https:\/\/sefiro.de\/#organization\",\"name\":\"SEFIRO GROUP\",\"url\":\"https:\/\/sefiro.de\/\",\"logo\":{\"@type\":\"ImageObject\",\"inLanguage\":\"en-GB\",\"@id\":\"https:\/\/sefiro.de\/#\/schema\/logo\/image\/\",\"url\":\"https:\/\/sefiro.de\/wp-content\/uploads\/2021\/04\/SEFIRO_Logo_Group_4C_Final_21-12_WEB.jpg\",\"contentUrl\":\"https:\/\/sefiro.de\/wp-content\/uploads\/2021\/04\/SEFIRO_Logo_Group_4C_Final_21-12_WEB.jpg\",\"width\":1012,\"height\":454,\"caption\":\"SEFIRO GROUP\"},\"image\":{\"@id\":\"https:\/\/sefiro.de\/#\/schema\/logo\/image\/\"}},{\"@type\":\"Person\",\"@id\":\"https:\/\/sefiro.de\/#\/schema\/person\/8fae18c4eb743ab18f99d206493eb009\",\"name\":\"Julia Rau\",\"image\":{\"@type\":\"ImageObject\",\"inLanguage\":\"en-GB\",\"@id\":\"https:\/\/sefiro.de\/#\/schema\/person\/image\/\",\"url\":\"https:\/\/secure.gravatar.com\/avatar\/07a2e132bd3c82222edbec571358df131f0a750ff3b5a6c1963d0a05db716d0e?s=96&d=mm&r=g\",\"contentUrl\":\"https:\/\/secure.gravatar.com\/avatar\/07a2e132bd3c82222edbec571358df131f0a750ff3b5a6c1963d0a05db716d0e?s=96&d=mm&r=g\",\"caption\":\"Julia Rau\"}}]}<\/script>\n<!-- \/ Yoast SEO plugin. -->","yoast_head_json":{"title":"Europ\u00e4ischer Gr\u00fcner Deal: Kommission strebt Null-Schadstoff-Ziel f\u00fcr Luft, Wasser und Boden an &ndash; SEFIRO GROUP","robots":{"index":"index","follow":"follow","max-snippet":"max-snippet:-1","max-image-preview":"max-image-preview:large","max-video-preview":"max-video-preview:-1"},"canonical":"https:\/\/sefiro.de\/en\/2021\/06\/20\/europaeischer-gruener-deal-kommission-strebt-null-schadstoff-ziel-fuer-luft-wasser-und-boden-an\/","og_locale":"en_GB","og_type":"article","og_title":"Europ\u00e4ischer Gr\u00fcner Deal: Kommission strebt Null-Schadstoff-Ziel f\u00fcr Luft, Wasser und Boden an &ndash; SEFIRO GROUP","og_description":"Die Europ\u00e4ische Kommission hat den EU-Aktionsplan zur Schadstofffreiheit von Luft, Wasser und Boden verabschiedet \u2013 ein wichtiges Ziel des europ\u00e4ischen Gr\u00fcnen Deals und das Hauptthema der diesj\u00e4hrigen Gr\u00fcnen Woche der EU. Um die EU auf Kurs zu einem gesunden Planeten f\u00fcr gesunde Menschen im Jahr 2050 zu bringen, hat der Aktionsplan Etappenziele f\u00fcr die Verringerung &hellip; Europ\u00e4ischer Gr\u00fcner Deal: Kommission strebt Null-Schadstoff-Ziel f\u00fcr Luft, Wasser und Boden an Read More &raquo;","og_url":"https:\/\/sefiro.de\/en\/2021\/06\/20\/europaeischer-gruener-deal-kommission-strebt-null-schadstoff-ziel-fuer-luft-wasser-und-boden-an\/","og_site_name":"SEFIRO GROUP","article_published_time":"2021-06-20T13:35:00+00:00","article_modified_time":"2021-09-20T13:37:21+00:00","og_image":[{"width":1920,"height":1280,"url":"https:\/\/sefiro.de\/wp-content\/uploads\/2021\/07\/meadow-4485609_1920.jpg","type":"image\/jpeg"}],"author":"Julia Rau","twitter_card":"summary_large_image","twitter_misc":{"Written by":"Julia Rau","Estimated reading time":"1 minute"},"schema":{"@context":"https:\/\/schema.org","@graph":[{"@type":"Article","@id":"https:\/\/sefiro.de\/en\/2021\/06\/20\/europaeischer-gruener-deal-kommission-strebt-null-schadstoff-ziel-fuer-luft-wasser-und-boden-an\/#article","isPartOf":{"@id":"https:\/\/sefiro.de\/en\/2021\/06\/20\/europaeischer-gruener-deal-kommission-strebt-null-schadstoff-ziel-fuer-luft-wasser-und-boden-an\/"},"author":{"name":"Julia Rau","@id":"https:\/\/sefiro.de\/#\/schema\/person\/8fae18c4eb743ab18f99d206493eb009"},"headline":"Europ\u00e4ischer Gr\u00fcner Deal: Kommission strebt Null-Schadstoff-Ziel f\u00fcr Luft, Wasser und Boden an","datePublished":"2021-06-20T13:35:00+00:00","dateModified":"2021-09-20T13:37:21+00:00","mainEntityOfPage":{"@id":"https:\/\/sefiro.de\/en\/2021\/06\/20\/europaeischer-gruener-deal-kommission-strebt-null-schadstoff-ziel-fuer-luft-wasser-und-boden-an\/"},"wordCount":180,"commentCount":0,"publisher":{"@id":"https:\/\/sefiro.de\/#organization"},"articleSection":["Nachhaltigkeit Konsumg\u00fcter"],"inLanguage":"en-GB","potentialAction":[{"@type":"CommentAction","name":"Comment","target":["https:\/\/sefiro.de\/en\/2021\/06\/20\/europaeischer-gruener-deal-kommission-strebt-null-schadstoff-ziel-fuer-luft-wasser-und-boden-an\/#respond"]}]},{"@type":"WebPage","@id":"https:\/\/sefiro.de\/en\/2021\/06\/20\/europaeischer-gruener-deal-kommission-strebt-null-schadstoff-ziel-fuer-luft-wasser-und-boden-an\/","url":"https:\/\/sefiro.de\/en\/2021\/06\/20\/europaeischer-gruener-deal-kommission-strebt-null-schadstoff-ziel-fuer-luft-wasser-und-boden-an\/","name":"Europ\u00e4ischer Gr\u00fcner Deal: Kommission strebt Null-Schadstoff-Ziel f\u00fcr Luft, Wasser und Boden an &ndash; SEFIRO GROUP","isPartOf":{"@id":"https:\/\/sefiro.de\/#website"},"datePublished":"2021-06-20T13:35:00+00:00","dateModified":"2021-09-20T13:37:21+00:00","breadcrumb":{"@id":"https:\/\/sefiro.de\/en\/2021\/06\/20\/europaeischer-gruener-deal-kommission-strebt-null-schadstoff-ziel-fuer-luft-wasser-und-boden-an\/#breadcrumb"},"inLanguage":"en-GB","potentialAction":[{"@type":"ReadAction","target":["https:\/\/sefiro.de\/en\/2021\/06\/20\/europaeischer-gruener-deal-kommission-strebt-null-schadstoff-ziel-fuer-luft-wasser-und-boden-an\/"]}]},{"@type":"BreadcrumbList","@id":"https:\/\/sefiro.de\/en\/2021\/06\/20\/europaeischer-gruener-deal-kommission-strebt-null-schadstoff-ziel-fuer-luft-wasser-und-boden-an\/#breadcrumb","itemListElement":[{"@type":"ListItem","position":1,"name":"Home","item":"https:\/\/sefiro.de\/"},{"@type":"ListItem","position":2,"name":"Europ\u00e4ischer Gr\u00fcner Deal: Kommission strebt Null-Schadstoff-Ziel f\u00fcr Luft, Wasser und Boden an"}]},{"@type":"WebSite","@id":"https:\/\/sefiro.de\/#website","url":"https:\/\/sefiro.de\/","name":"SEFIRO GROUP","description":"Qualit\u00e4t und Sicherheit","publisher":{"@id":"https:\/\/sefiro.de\/#organization"},"potentialAction":[{"@type":"SearchAction","target":{"@type":"EntryPoint","urlTemplate":"https:\/\/sefiro.de\/?s={search_term_string}"},"query-input":"required name=search_term_string"}],"inLanguage":"en-GB"},{"@type":"Organization","@id":"https:\/\/sefiro.de\/#organization","name":"SEFIRO GROUP","url":"https:\/\/sefiro.de\/","logo":{"@type":"ImageObject","inLanguage":"en-GB","@id":"https:\/\/sefiro.de\/#\/schema\/logo\/image\/","url":"https:\/\/sefiro.de\/wp-content\/uploads\/2021\/04\/SEFIRO_Logo_Group_4C_Final_21-12_WEB.jpg","contentUrl":"https:\/\/sefiro.de\/wp-content\/uploads\/2021\/04\/SEFIRO_Logo_Group_4C_Final_21-12_WEB.jpg","width":1012,"height":454,"caption":"SEFIRO GROUP"},"image":{"@id":"https:\/\/sefiro.de\/#\/schema\/logo\/image\/"}},{"@type":"Person","@id":"https:\/\/sefiro.de\/#\/schema\/person\/8fae18c4eb743ab18f99d206493eb009","name":"Julia Rau","image":{"@type":"ImageObject","inLanguage":"en-GB","@id":"https:\/\/sefiro.de\/#\/schema\/person\/image\/","url":"https:\/\/secure.gravatar.com\/avatar\/07a2e132bd3c82222edbec571358df131f0a750ff3b5a6c1963d0a05db716d0e?s=96&d=mm&r=g","contentUrl":"https:\/\/secure.gravatar.com\/avatar\/07a2e132bd3c82222edbec571358df131f0a750ff3b5a6c1963d0a05db716d0e?s=96&d=mm&r=g","caption":"Julia Rau"}}]}},"jetpack_featured_media_url":"https:\/\/sefiro.de\/wp-content\/uploads\/2021\/07\/meadow-4485609_1920.jpg","_links":{"self":[{"href":"https:\/\/sefiro.de\/en\/wp-json\/wp\/v2\/posts\/3268","targetHints":{"allow":["GET"]}}],"collection":[{"href":"https:\/\/sefiro.de\/en\/wp-json\/wp\/v2\/posts"}],"about":[{"href":"https:\/\/sefiro.de\/en\/wp-json\/wp\/v2\/types\/post"}],"author":[{"embeddable":true,"href":"https:\/\/sefiro.de\/en\/wp-json\/wp\/v2\/users\/3"}],"replies":[{"embeddable":true,"href":"https:\/\/sefiro.de\/en\/wp-json\/wp\/v2\/comments?post=3268"}],"version-history":[{"count":4,"href":"https:\/\/sefiro.de\/en\/wp-json\/wp\/v2\/posts\/3268\/revisions"}],"predecessor-version":[{"id":3272,"href":"https:\/\/sefiro.de\/en\/wp-json\/wp\/v2\/posts\/3268\/revisions\/3272"}],"wp:featuredmedia":[{"embeddable":true,"href":"https:\/\/sefiro.de\/en\/wp-json\/wp\/v2\/media\/2376"}],"wp:attachment":[{"href":"https:\/\/sefiro.de\/en\/wp-json\/wp\/v2\/media?parent=3268"}],"wp:term":[{"taxonomy":"category","embeddable":true,"href":"https:\/\/sefiro.de\/en\/wp-json\/wp\/v2\/categories?post=3268"},{"taxonomy":"post_tag","embeddable":true,"href":"https:\/\/sefiro.de\/en\/wp-json\/wp\/v2\/tags?post=3268"}],"curies":[{"name":"wp","href":"https:\/\/api.w.org\/{rel}","templated":true}]}}