{"id":3578,"date":"2021-04-05T12:11:00","date_gmt":"2021-04-05T10:11:00","guid":{"rendered":"https:\/\/sefiro-wordpress.fleno-gmbh.de\/?p=3578"},"modified":"2021-10-05T12:13:13","modified_gmt":"2021-10-05T10:13:13","slug":"neue-hoechstgehalte-fuer-trans-fettsaeuren-in-lebensmitteln-traten-in-kraft","status":"publish","type":"post","link":"https:\/\/sefiro.de\/en\/2021\/04\/05\/neue-hoechstgehalte-fuer-trans-fettsaeuren-in-lebensmitteln-traten-in-kraft\/","title":{"rendered":"Neue H\u00f6chstgehalte f\u00fcr Trans-Fetts\u00e4uren in Lebensmitteln traten in Kraft"},"content":{"rendered":"<div data-elementor-type=\"wp-post\" data-elementor-id=\"3578\" class=\"elementor elementor-3578\">\n\t\t\t\t\t\t\t\t\t<section class=\"elementor-section elementor-top-section elementor-element elementor-element-7821ca28 elementor-section-boxed elementor-section-height-default elementor-section-height-default\" data-id=\"7821ca28\" data-element_type=\"section\">\n\t\t\t\t\t\t<div class=\"elementor-container elementor-column-gap-default\">\n\t\t\t\t\t<div class=\"elementor-column elementor-col-100 elementor-top-column elementor-element elementor-element-5c618702\" data-id=\"5c618702\" data-element_type=\"column\">\n\t\t\t<div class=\"elementor-widget-wrap elementor-element-populated\">\n\t\t\t\t\t\t\t\t<div class=\"elementor-element elementor-element-1f548f78 elementor-widget elementor-widget-text-editor\" data-id=\"1f548f78\" data-element_type=\"widget\" data-widget_type=\"text-editor.default\">\n\t\t\t\t<div class=\"elementor-widget-container\">\n\t\t\t\t\t\t\t<p><!-- wp:paragraph --><\/p><p>Die Europ\u00e4ische Kommission hat eingeschr\u00e4nkte Verwendungsbedingungen f\u00fcr andere Trans-Fetts\u00e4uren\u00a0als solche, die auf nat\u00fcrliche Weise in Fett tierischen Ursprungs vorkommen festgelegt. Bei Trans-Fetts\u00e4uren handelt es sich um Stoffe, die keine Vitamine oder Mineralstoffe sind und f\u00fcr die gesundheitssch\u00e4dliche Wirkungen festgestellt wurden.<\/p><p>Lebensmittel, die nicht der vorliegenden Verordnung entsprechen, durften bis zum 1. April 2021 weiter in Verkehr gebracht werden.<\/p><ul><li>VERORDNUNG (EU) 2019\/649 DER KOMMISSION vom 24. April 2019 zur \u00c4nderung des Anhangs III der Verordnung (EG) Nr. 1925\/2006 des Europ\u00e4ischen Parlaments und des Rates betreffend andere Trans-Fetts\u00e4uren als solche, die auf nat\u00fcrliche Weise in Fett tierischen Ursprungs vorkommen<\/li><\/ul><p>Sie k\u00f6nnen die Verordnung hier einsehen:<\/p><p><a href=\"https:\/\/www.bmel.de\/SharedDocs\/Downloads\/DE\/_Verbraucherschutz\/Lebensmittelsicherheit\/Verordnung-Transfettsaeuren.pdf;jsessionid=92AE5D9AFEFAE45FAF384136241A5DEB.live922?__blob=publicationFile&amp;v=3\" target=\"_blank\" rel=\"noopener\">https:\/\/www.bmel.de\/SharedDocs\/Downloads\/DE\/_Verbraucherschutz\/Lebensmittelsicherheit\/Verordnung-Transfettsaeuren.pdf;jsessionid=92AE5D9AFEFAE45FAF384136241A5DEB.live922?__blob=publicationFile&amp;v=3<\/a><\/p><p><!-- \/wp:paragraph --><!-- wp:paragraph --><!-- \/wp:paragraph --><\/p>\t\t\t\t\t\t<\/div>\n\t\t\t\t<\/div>\n\t\t\t\t\t<\/div>\n\t\t<\/div>\n\t\t\t\t\t\t\t<\/div>\n\t\t<\/section>\n\t\t\t\t\t\t\t<\/div>","protected":false},"excerpt":{"rendered":"<p>Die Europ\u00e4ische Kommission hat eingeschr\u00e4nkte Verwendungsbedingungen f\u00fcr andere Trans-Fetts\u00e4uren\u00a0als solche, die auf nat\u00fcrliche Weise in Fett tierischen Ursprungs vorkommen festgelegt. Bei Trans-Fetts\u00e4uren handelt es sich um Stoffe, die keine Vitamine oder Mineralstoffe sind und f\u00fcr die gesundheitssch\u00e4dliche Wirkungen festgestellt wurden. Lebensmittel, die nicht der vorliegenden Verordnung entsprechen, durften bis zum 1. April 2021 weiter in &hellip;<\/p>\n<p class=\"read-more\"> <a class=\"\" href=\"https:\/\/sefiro.de\/en\/2021\/04\/05\/neue-hoechstgehalte-fuer-trans-fettsaeuren-in-lebensmitteln-traten-in-kraft\/\"> <span class=\"screen-reader-text\">Neue H\u00f6chstgehalte f\u00fcr Trans-Fetts\u00e4uren in Lebensmitteln traten in Kraft<\/span> Read More &raquo;<\/a><\/p>","protected":false},"author":3,"featured_media":1531,"comment_status":"open","ping_status":"open","sticky":false,"template":"","format":"standard","meta":{"footnotes":""},"categories":[106,92],"tags":[],"class_list":["post-3578","post","type-post","status-publish","format-standard","has-post-thumbnail","hentry","category-news-gesetze-richtlinien-food-feed","category-news"],"yoast_head":"<!-- This site is optimized with the Yoast SEO plugin v20.7 - https:\/\/yoast.com\/wordpress\/plugins\/seo\/ -->\n<title>Neue H\u00f6chstgehalte f\u00fcr Trans-Fetts\u00e4uren in Lebensmitteln traten in Kraft &ndash; SEFIRO GROUP<\/title>\n<meta name=\"robots\" content=\"index, follow, max-snippet:-1, max-image-preview:large, max-video-preview:-1\" \/>\n<link rel=\"canonical\" href=\"https:\/\/sefiro.de\/en\/2021\/04\/05\/neue-hoechstgehalte-fuer-trans-fettsaeuren-in-lebensmitteln-traten-in-kraft\/\" \/>\n<meta property=\"og:locale\" content=\"en_GB\" \/>\n<meta property=\"og:type\" content=\"article\" \/>\n<meta property=\"og:title\" content=\"Neue H\u00f6chstgehalte f\u00fcr Trans-Fetts\u00e4uren in Lebensmitteln traten in Kraft &ndash; SEFIRO GROUP\" \/>\n<meta property=\"og:description\" content=\"Die Europ\u00e4ische Kommission hat eingeschr\u00e4nkte Verwendungsbedingungen f\u00fcr andere Trans-Fetts\u00e4uren\u00a0als solche, die auf nat\u00fcrliche Weise in Fett tierischen Ursprungs vorkommen festgelegt. Bei Trans-Fetts\u00e4uren handelt es sich um Stoffe, die keine Vitamine oder Mineralstoffe sind und f\u00fcr die gesundheitssch\u00e4dliche Wirkungen festgestellt wurden. Lebensmittel, die nicht der vorliegenden Verordnung entsprechen, durften bis zum 1. April 2021 weiter in &hellip; Neue H\u00f6chstgehalte f\u00fcr Trans-Fetts\u00e4uren in Lebensmitteln traten in Kraft Read More &raquo;\" \/>\n<meta property=\"og:url\" content=\"https:\/\/sefiro.de\/en\/2021\/04\/05\/neue-hoechstgehalte-fuer-trans-fettsaeuren-in-lebensmitteln-traten-in-kraft\/\" \/>\n<meta property=\"og:site_name\" content=\"SEFIRO GROUP\" \/>\n<meta property=\"article:published_time\" content=\"2021-04-05T10:11:00+00:00\" \/>\n<meta property=\"article:modified_time\" content=\"2021-10-05T10:13:13+00:00\" \/>\n<meta property=\"og:image\" content=\"https:\/\/sefiro.de\/wp-content\/uploads\/2020\/12\/aisle-3105629_1920.jpg\" \/>\n\t<meta property=\"og:image:width\" content=\"1920\" \/>\n\t<meta property=\"og:image:height\" content=\"1280\" \/>\n\t<meta property=\"og:image:type\" content=\"image\/jpeg\" \/>\n<meta name=\"author\" content=\"Julia Rau\" \/>\n<meta name=\"twitter:card\" content=\"summary_large_image\" \/>\n<meta name=\"twitter:label1\" content=\"Written by\" \/>\n\t<meta name=\"twitter:data1\" content=\"Julia Rau\" \/>\n\t<meta name=\"twitter:label2\" content=\"Estimated reading time\" \/>\n\t<meta name=\"twitter:data2\" content=\"1 minute\" \/>\n<script type=\"application\/ld+json\" class=\"yoast-schema-graph\">{\"@context\":\"https:\/\/schema.org\",\"@graph\":[{\"@type\":\"Article\",\"@id\":\"https:\/\/sefiro.de\/2021\/04\/05\/neue-hoechstgehalte-fuer-trans-fettsaeuren-in-lebensmitteln-traten-in-kraft\/#article\",\"isPartOf\":{\"@id\":\"https:\/\/sefiro.de\/2021\/04\/05\/neue-hoechstgehalte-fuer-trans-fettsaeuren-in-lebensmitteln-traten-in-kraft\/\"},\"author\":{\"name\":\"Julia Rau\",\"@id\":\"https:\/\/sefiro.de\/#\/schema\/person\/8fae18c4eb743ab18f99d206493eb009\"},\"headline\":\"Neue H\u00f6chstgehalte f\u00fcr Trans-Fetts\u00e4uren in Lebensmitteln traten in Kraft\",\"datePublished\":\"2021-04-05T10:11:00+00:00\",\"dateModified\":\"2021-10-05T10:13:13+00:00\",\"mainEntityOfPage\":{\"@id\":\"https:\/\/sefiro.de\/2021\/04\/05\/neue-hoechstgehalte-fuer-trans-fettsaeuren-in-lebensmitteln-traten-in-kraft\/\"},\"wordCount\":145,\"commentCount\":0,\"publisher\":{\"@id\":\"https:\/\/sefiro.de\/#organization\"},\"articleSection\":[\"Gesetze &amp; Richtlinien (Food\/Feed)\",\"News\"],\"inLanguage\":\"en-GB\",\"potentialAction\":[{\"@type\":\"CommentAction\",\"name\":\"Comment\",\"target\":[\"https:\/\/sefiro.de\/2021\/04\/05\/neue-hoechstgehalte-fuer-trans-fettsaeuren-in-lebensmitteln-traten-in-kraft\/#respond\"]}]},{\"@type\":\"WebPage\",\"@id\":\"https:\/\/sefiro.de\/2021\/04\/05\/neue-hoechstgehalte-fuer-trans-fettsaeuren-in-lebensmitteln-traten-in-kraft\/\",\"url\":\"https:\/\/sefiro.de\/2021\/04\/05\/neue-hoechstgehalte-fuer-trans-fettsaeuren-in-lebensmitteln-traten-in-kraft\/\",\"name\":\"Neue H\u00f6chstgehalte f\u00fcr Trans-Fetts\u00e4uren in Lebensmitteln traten in Kraft &ndash; SEFIRO GROUP\",\"isPartOf\":{\"@id\":\"https:\/\/sefiro.de\/#website\"},\"datePublished\":\"2021-04-05T10:11:00+00:00\",\"dateModified\":\"2021-10-05T10:13:13+00:00\",\"breadcrumb\":{\"@id\":\"https:\/\/sefiro.de\/2021\/04\/05\/neue-hoechstgehalte-fuer-trans-fettsaeuren-in-lebensmitteln-traten-in-kraft\/#breadcrumb\"},\"inLanguage\":\"en-GB\",\"potentialAction\":[{\"@type\":\"ReadAction\",\"target\":[\"https:\/\/sefiro.de\/2021\/04\/05\/neue-hoechstgehalte-fuer-trans-fettsaeuren-in-lebensmitteln-traten-in-kraft\/\"]}]},{\"@type\":\"BreadcrumbList\",\"@id\":\"https:\/\/sefiro.de\/2021\/04\/05\/neue-hoechstgehalte-fuer-trans-fettsaeuren-in-lebensmitteln-traten-in-kraft\/#breadcrumb\",\"itemListElement\":[{\"@type\":\"ListItem\",\"position\":1,\"name\":\"Home\",\"item\":\"https:\/\/sefiro.de\/\"},{\"@type\":\"ListItem\",\"position\":2,\"name\":\"Neue H\u00f6chstgehalte f\u00fcr Trans-Fetts\u00e4uren in Lebensmitteln traten in Kraft\"}]},{\"@type\":\"WebSite\",\"@id\":\"https:\/\/sefiro.de\/#website\",\"url\":\"https:\/\/sefiro.de\/\",\"name\":\"SEFIRO GROUP\",\"description\":\"Qualit\u00e4t und Sicherheit\",\"publisher\":{\"@id\":\"https:\/\/sefiro.de\/#organization\"},\"potentialAction\":[{\"@type\":\"SearchAction\",\"target\":{\"@type\":\"EntryPoint\",\"urlTemplate\":\"https:\/\/sefiro.de\/?s={search_term_string}\"},\"query-input\":\"required name=search_term_string\"}],\"inLanguage\":\"en-GB\"},{\"@type\":\"Organization\",\"@id\":\"https:\/\/sefiro.de\/#organization\",\"name\":\"SEFIRO GROUP\",\"url\":\"https:\/\/sefiro.de\/\",\"logo\":{\"@type\":\"ImageObject\",\"inLanguage\":\"en-GB\",\"@id\":\"https:\/\/sefiro.de\/#\/schema\/logo\/image\/\",\"url\":\"https:\/\/sefiro.de\/wp-content\/uploads\/2021\/04\/SEFIRO_Logo_Group_4C_Final_21-12_WEB.jpg\",\"contentUrl\":\"https:\/\/sefiro.de\/wp-content\/uploads\/2021\/04\/SEFIRO_Logo_Group_4C_Final_21-12_WEB.jpg\",\"width\":1012,\"height\":454,\"caption\":\"SEFIRO GROUP\"},\"image\":{\"@id\":\"https:\/\/sefiro.de\/#\/schema\/logo\/image\/\"}},{\"@type\":\"Person\",\"@id\":\"https:\/\/sefiro.de\/#\/schema\/person\/8fae18c4eb743ab18f99d206493eb009\",\"name\":\"Julia Rau\",\"image\":{\"@type\":\"ImageObject\",\"inLanguage\":\"en-GB\",\"@id\":\"https:\/\/sefiro.de\/#\/schema\/person\/image\/\",\"url\":\"https:\/\/secure.gravatar.com\/avatar\/07a2e132bd3c82222edbec571358df131f0a750ff3b5a6c1963d0a05db716d0e?s=96&d=mm&r=g\",\"contentUrl\":\"https:\/\/secure.gravatar.com\/avatar\/07a2e132bd3c82222edbec571358df131f0a750ff3b5a6c1963d0a05db716d0e?s=96&d=mm&r=g\",\"caption\":\"Julia Rau\"}}]}<\/script>\n<!-- \/ Yoast SEO plugin. -->","yoast_head_json":{"title":"Neue H\u00f6chstgehalte f\u00fcr Trans-Fetts\u00e4uren in Lebensmitteln traten in Kraft &ndash; SEFIRO GROUP","robots":{"index":"index","follow":"follow","max-snippet":"max-snippet:-1","max-image-preview":"max-image-preview:large","max-video-preview":"max-video-preview:-1"},"canonical":"https:\/\/sefiro.de\/en\/2021\/04\/05\/neue-hoechstgehalte-fuer-trans-fettsaeuren-in-lebensmitteln-traten-in-kraft\/","og_locale":"en_GB","og_type":"article","og_title":"Neue H\u00f6chstgehalte f\u00fcr Trans-Fetts\u00e4uren in Lebensmitteln traten in Kraft &ndash; SEFIRO GROUP","og_description":"Die Europ\u00e4ische Kommission hat eingeschr\u00e4nkte Verwendungsbedingungen f\u00fcr andere Trans-Fetts\u00e4uren\u00a0als solche, die auf nat\u00fcrliche Weise in Fett tierischen Ursprungs vorkommen festgelegt. Bei Trans-Fetts\u00e4uren handelt es sich um Stoffe, die keine Vitamine oder Mineralstoffe sind und f\u00fcr die gesundheitssch\u00e4dliche Wirkungen festgestellt wurden. Lebensmittel, die nicht der vorliegenden Verordnung entsprechen, durften bis zum 1. April 2021 weiter in &hellip; Neue H\u00f6chstgehalte f\u00fcr Trans-Fetts\u00e4uren in Lebensmitteln traten in Kraft Read More &raquo;","og_url":"https:\/\/sefiro.de\/en\/2021\/04\/05\/neue-hoechstgehalte-fuer-trans-fettsaeuren-in-lebensmitteln-traten-in-kraft\/","og_site_name":"SEFIRO GROUP","article_published_time":"2021-04-05T10:11:00+00:00","article_modified_time":"2021-10-05T10:13:13+00:00","og_image":[{"width":1920,"height":1280,"url":"https:\/\/sefiro.de\/wp-content\/uploads\/2020\/12\/aisle-3105629_1920.jpg","type":"image\/jpeg"}],"author":"Julia Rau","twitter_card":"summary_large_image","twitter_misc":{"Written by":"Julia Rau","Estimated reading time":"1 minute"},"schema":{"@context":"https:\/\/schema.org","@graph":[{"@type":"Article","@id":"https:\/\/sefiro.de\/2021\/04\/05\/neue-hoechstgehalte-fuer-trans-fettsaeuren-in-lebensmitteln-traten-in-kraft\/#article","isPartOf":{"@id":"https:\/\/sefiro.de\/2021\/04\/05\/neue-hoechstgehalte-fuer-trans-fettsaeuren-in-lebensmitteln-traten-in-kraft\/"},"author":{"name":"Julia Rau","@id":"https:\/\/sefiro.de\/#\/schema\/person\/8fae18c4eb743ab18f99d206493eb009"},"headline":"Neue H\u00f6chstgehalte f\u00fcr Trans-Fetts\u00e4uren in Lebensmitteln traten in Kraft","datePublished":"2021-04-05T10:11:00+00:00","dateModified":"2021-10-05T10:13:13+00:00","mainEntityOfPage":{"@id":"https:\/\/sefiro.de\/2021\/04\/05\/neue-hoechstgehalte-fuer-trans-fettsaeuren-in-lebensmitteln-traten-in-kraft\/"},"wordCount":145,"commentCount":0,"publisher":{"@id":"https:\/\/sefiro.de\/#organization"},"articleSection":["Gesetze &amp; Richtlinien (Food\/Feed)","News"],"inLanguage":"en-GB","potentialAction":[{"@type":"CommentAction","name":"Comment","target":["https:\/\/sefiro.de\/2021\/04\/05\/neue-hoechstgehalte-fuer-trans-fettsaeuren-in-lebensmitteln-traten-in-kraft\/#respond"]}]},{"@type":"WebPage","@id":"https:\/\/sefiro.de\/2021\/04\/05\/neue-hoechstgehalte-fuer-trans-fettsaeuren-in-lebensmitteln-traten-in-kraft\/","url":"https:\/\/sefiro.de\/2021\/04\/05\/neue-hoechstgehalte-fuer-trans-fettsaeuren-in-lebensmitteln-traten-in-kraft\/","name":"Neue H\u00f6chstgehalte f\u00fcr Trans-Fetts\u00e4uren in Lebensmitteln traten in Kraft &ndash; SEFIRO GROUP","isPartOf":{"@id":"https:\/\/sefiro.de\/#website"},"datePublished":"2021-04-05T10:11:00+00:00","dateModified":"2021-10-05T10:13:13+00:00","breadcrumb":{"@id":"https:\/\/sefiro.de\/2021\/04\/05\/neue-hoechstgehalte-fuer-trans-fettsaeuren-in-lebensmitteln-traten-in-kraft\/#breadcrumb"},"inLanguage":"en-GB","potentialAction":[{"@type":"ReadAction","target":["https:\/\/sefiro.de\/2021\/04\/05\/neue-hoechstgehalte-fuer-trans-fettsaeuren-in-lebensmitteln-traten-in-kraft\/"]}]},{"@type":"BreadcrumbList","@id":"https:\/\/sefiro.de\/2021\/04\/05\/neue-hoechstgehalte-fuer-trans-fettsaeuren-in-lebensmitteln-traten-in-kraft\/#breadcrumb","itemListElement":[{"@type":"ListItem","position":1,"name":"Home","item":"https:\/\/sefiro.de\/"},{"@type":"ListItem","position":2,"name":"Neue H\u00f6chstgehalte f\u00fcr Trans-Fetts\u00e4uren in Lebensmitteln traten in Kraft"}]},{"@type":"WebSite","@id":"https:\/\/sefiro.de\/#website","url":"https:\/\/sefiro.de\/","name":"SEFIRO GROUP","description":"Qualit\u00e4t und Sicherheit","publisher":{"@id":"https:\/\/sefiro.de\/#organization"},"potentialAction":[{"@type":"SearchAction","target":{"@type":"EntryPoint","urlTemplate":"https:\/\/sefiro.de\/?s={search_term_string}"},"query-input":"required name=search_term_string"}],"inLanguage":"en-GB"},{"@type":"Organization","@id":"https:\/\/sefiro.de\/#organization","name":"SEFIRO GROUP","url":"https:\/\/sefiro.de\/","logo":{"@type":"ImageObject","inLanguage":"en-GB","@id":"https:\/\/sefiro.de\/#\/schema\/logo\/image\/","url":"https:\/\/sefiro.de\/wp-content\/uploads\/2021\/04\/SEFIRO_Logo_Group_4C_Final_21-12_WEB.jpg","contentUrl":"https:\/\/sefiro.de\/wp-content\/uploads\/2021\/04\/SEFIRO_Logo_Group_4C_Final_21-12_WEB.jpg","width":1012,"height":454,"caption":"SEFIRO GROUP"},"image":{"@id":"https:\/\/sefiro.de\/#\/schema\/logo\/image\/"}},{"@type":"Person","@id":"https:\/\/sefiro.de\/#\/schema\/person\/8fae18c4eb743ab18f99d206493eb009","name":"Julia Rau","image":{"@type":"ImageObject","inLanguage":"en-GB","@id":"https:\/\/sefiro.de\/#\/schema\/person\/image\/","url":"https:\/\/secure.gravatar.com\/avatar\/07a2e132bd3c82222edbec571358df131f0a750ff3b5a6c1963d0a05db716d0e?s=96&d=mm&r=g","contentUrl":"https:\/\/secure.gravatar.com\/avatar\/07a2e132bd3c82222edbec571358df131f0a750ff3b5a6c1963d0a05db716d0e?s=96&d=mm&r=g","caption":"Julia Rau"}}]}},"jetpack_featured_media_url":"https:\/\/sefiro.de\/wp-content\/uploads\/2020\/12\/aisle-3105629_1920.jpg","_links":{"self":[{"href":"https:\/\/sefiro.de\/en\/wp-json\/wp\/v2\/posts\/3578","targetHints":{"allow":["GET"]}}],"collection":[{"href":"https:\/\/sefiro.de\/en\/wp-json\/wp\/v2\/posts"}],"about":[{"href":"https:\/\/sefiro.de\/en\/wp-json\/wp\/v2\/types\/post"}],"author":[{"embeddable":true,"href":"https:\/\/sefiro.de\/en\/wp-json\/wp\/v2\/users\/3"}],"replies":[{"embeddable":true,"href":"https:\/\/sefiro.de\/en\/wp-json\/wp\/v2\/comments?post=3578"}],"version-history":[{"count":7,"href":"https:\/\/sefiro.de\/en\/wp-json\/wp\/v2\/posts\/3578\/revisions"}],"predecessor-version":[{"id":3586,"href":"https:\/\/sefiro.de\/en\/wp-json\/wp\/v2\/posts\/3578\/revisions\/3586"}],"wp:featuredmedia":[{"embeddable":true,"href":"https:\/\/sefiro.de\/en\/wp-json\/wp\/v2\/media\/1531"}],"wp:attachment":[{"href":"https:\/\/sefiro.de\/en\/wp-json\/wp\/v2\/media?parent=3578"}],"wp:term":[{"taxonomy":"category","embeddable":true,"href":"https:\/\/sefiro.de\/en\/wp-json\/wp\/v2\/categories?post=3578"},{"taxonomy":"post_tag","embeddable":true,"href":"https:\/\/sefiro.de\/en\/wp-json\/wp\/v2\/tags?post=3578"}],"curies":[{"name":"wp","href":"https:\/\/api.w.org\/{rel}","templated":true}]}}