{"id":4711,"date":"2022-06-10T10:57:00","date_gmt":"2022-06-10T08:57:00","guid":{"rendered":"https:\/\/sefiro.de\/?p=4711"},"modified":"2022-06-28T11:02:01","modified_gmt":"2022-06-28T09:02:01","slug":"durchfuehrungsbeschluss-eu-2022-907-registrierung-der-europaeischen-buergerinitiative-good-clothes-fair-pay-gefasst-am-1-juni-2022","status":"publish","type":"post","link":"https:\/\/sefiro.de\/en\/2022\/06\/10\/durchfuehrungsbeschluss-eu-2022-907-registrierung-der-europaeischen-buergerinitiative-good-clothes-fair-pay-gefasst-am-1-juni-2022\/","title":{"rendered":"Durchf\u00fchrungsbeschluss (EU) 2022\/907 \u2013 Registrierung der Europ\u00e4ischen B\u00fcrgerinitiative \u201eGood Clothes, Fair Pay\u201c, gefasst am 1. Juni 2022"},"content":{"rendered":"<div data-elementor-type=\"wp-post\" data-elementor-id=\"4711\" class=\"elementor elementor-4711\">\n\t\t\t\t\t\t\t\t\t<section class=\"elementor-section elementor-top-section elementor-element elementor-element-412c44d6 elementor-section-boxed elementor-section-height-default elementor-section-height-default\" data-id=\"412c44d6\" data-element_type=\"section\">\n\t\t\t\t\t\t<div class=\"elementor-container elementor-column-gap-default\">\n\t\t\t\t\t<div class=\"elementor-column elementor-col-100 elementor-top-column elementor-element elementor-element-572794f5\" data-id=\"572794f5\" data-element_type=\"column\">\n\t\t\t<div class=\"elementor-widget-wrap elementor-element-populated\">\n\t\t\t\t\t\t\t\t<div class=\"elementor-element elementor-element-46606bc0 elementor-widget elementor-widget-text-editor\" data-id=\"46606bc0\" data-element_type=\"widget\" data-widget_type=\"text-editor.default\">\n\t\t\t\t<div class=\"elementor-widget-container\">\n\t\t\t\t\t\t\t<p><!-- wp:paragraph --><\/p><p>Die Organisatoren der Initiative fordern einen Rechtsanspruch auf existenzsichernde L\u00f6hne in der Bekleidungs- und Schuhindustrie, zu dem sie einen Richtlinien-Entwurf vorgelegt haben.<\/p><p>Die Organisatoren sch\u00e4tzen, dass in der Branche 70 \u2013 80 % der Besch\u00e4ftigten weiblich sein m\u00f6gen. Die M\u00f6glichkeiten zur Verlagerung von Produktionsst\u00e4tten scheinen aggressives Verhalten bei K\u00e4ufern zu beg\u00fcnstigen. Weiter beeinflussen kurzweilige Modetrends die Gesch\u00e4ftspraktiken und verleiten scheinbar zu menschenunw\u00fcrdigen Produktionsbedingungen mit niedriger oder g\u00e4nzlich fehlender sozialer Absicherung. Insbesondere Frauen, Migranten und Kinder seien schutzbed\u00fcrftig gegen\u00fcber Ausbeutung. Die Versammlungsfreiheit und die Schaffung von Vereinigungen seien wichtige Elemente zur Durchsetzung legitimer Interessen.<\/p><p>Unternehmen sollten verpflichtet werden, Angaben zu Ihren Lieferketten und Ihrer Sorgfalt auf einer frei zug\u00e4nglichen zentralen Plattform [Digitales Zugangstor] zu ver\u00f6ffentlichen.<br \/>Weiter sollen Unternehmen auf Nachfrage informieren, wie sie einer Abkehr von Bedingungen entgegenwirken, wenn diese Abkehr zu Lasten der Besch\u00e4ftigten w\u00e4re bzw. ist.<\/p><p>\u00a0<\/p><p>Mehr Informationen (externer Link):<br \/><a href=\"https:\/\/europa.eu\/citizens-initiative\/initiatives\/details\/2022\/000004_de\" target=\"_blank\" rel=\"noopener\">https:\/\/europa.eu\/citizens-initiative\/initiatives\/details\/2022\/000004_de<\/a><\/p><p><!-- \/wp:paragraph --><!-- wp:paragraph --><!-- \/wp:paragraph --><\/p>\t\t\t\t\t\t<\/div>\n\t\t\t\t<\/div>\n\t\t\t\t\t<\/div>\n\t\t<\/div>\n\t\t\t\t\t\t\t<\/div>\n\t\t<\/section>\n\t\t\t\t\t\t\t<\/div>","protected":false},"excerpt":{"rendered":"<p>Die Organisatoren der Initiative fordern einen Rechtsanspruch auf existenzsichernde L\u00f6hne in der Bekleidungs- und Schuhindustrie, zu dem sie einen Richtlinien-Entwurf vorgelegt haben. Die Organisatoren sch\u00e4tzen, dass in der Branche 70 \u2013 80 % der Besch\u00e4ftigten weiblich sein m\u00f6gen. Die M\u00f6glichkeiten zur Verlagerung von Produktionsst\u00e4tten scheinen aggressives Verhalten bei K\u00e4ufern zu beg\u00fcnstigen. Weiter beeinflussen kurzweilige Modetrends &hellip;<\/p>\n<p class=\"read-more\"> <a class=\"\" href=\"https:\/\/sefiro.de\/en\/2022\/06\/10\/durchfuehrungsbeschluss-eu-2022-907-registrierung-der-europaeischen-buergerinitiative-good-clothes-fair-pay-gefasst-am-1-juni-2022\/\"> <span class=\"screen-reader-text\">Durchf\u00fchrungsbeschluss (EU) 2022\/907 \u2013 Registrierung der Europ\u00e4ischen B\u00fcrgerinitiative \u201eGood Clothes, Fair Pay\u201c, gefasst am 1. Juni 2022<\/span> Read More &raquo;<\/a><\/p>","protected":false},"author":3,"featured_media":2786,"comment_status":"closed","ping_status":"closed","sticky":false,"template":"","format":"standard","meta":{"footnotes":""},"categories":[111],"tags":[],"class_list":["post-4711","post","type-post","status-publish","format-standard","has-post-thumbnail","hentry","category-news-ngo-testinstitutionen"],"yoast_head":"<!-- This site is optimized with the Yoast SEO plugin v20.7 - https:\/\/yoast.com\/wordpress\/plugins\/seo\/ -->\n<title>Durchf\u00fchrungsbeschluss (EU) 2022\/907 \u2013 Registrierung der Europ\u00e4ischen B\u00fcrgerinitiative \u201eGood Clothes, Fair Pay\u201c, gefasst am 1. Juni 2022 &ndash; SEFIRO GROUP<\/title>\n<meta name=\"robots\" content=\"index, follow, max-snippet:-1, max-image-preview:large, max-video-preview:-1\" \/>\n<link rel=\"canonical\" href=\"https:\/\/sefiro.de\/en\/2022\/06\/10\/durchfuehrungsbeschluss-eu-2022-907-registrierung-der-europaeischen-buergerinitiative-good-clothes-fair-pay-gefasst-am-1-juni-2022\/\" \/>\n<meta property=\"og:locale\" content=\"en_GB\" \/>\n<meta property=\"og:type\" content=\"article\" \/>\n<meta property=\"og:title\" content=\"Durchf\u00fchrungsbeschluss (EU) 2022\/907 \u2013 Registrierung der Europ\u00e4ischen B\u00fcrgerinitiative \u201eGood Clothes, Fair Pay\u201c, gefasst am 1. Juni 2022 &ndash; SEFIRO GROUP\" \/>\n<meta property=\"og:description\" content=\"Die Organisatoren der Initiative fordern einen Rechtsanspruch auf existenzsichernde L\u00f6hne in der Bekleidungs- und Schuhindustrie, zu dem sie einen Richtlinien-Entwurf vorgelegt haben. Die Organisatoren sch\u00e4tzen, dass in der Branche 70 \u2013 80 % der Besch\u00e4ftigten weiblich sein m\u00f6gen. Die M\u00f6glichkeiten zur Verlagerung von Produktionsst\u00e4tten scheinen aggressives Verhalten bei K\u00e4ufern zu beg\u00fcnstigen. Weiter beeinflussen kurzweilige Modetrends &hellip; Durchf\u00fchrungsbeschluss (EU) 2022\/907 \u2013 Registrierung der Europ\u00e4ischen B\u00fcrgerinitiative \u201eGood Clothes, Fair Pay\u201c, gefasst am 1. Juni 2022 Read More &raquo;\" \/>\n<meta property=\"og:url\" content=\"https:\/\/sefiro.de\/en\/2022\/06\/10\/durchfuehrungsbeschluss-eu-2022-907-registrierung-der-europaeischen-buergerinitiative-good-clothes-fair-pay-gefasst-am-1-juni-2022\/\" \/>\n<meta property=\"og:site_name\" content=\"SEFIRO GROUP\" \/>\n<meta property=\"article:published_time\" content=\"2022-06-10T08:57:00+00:00\" \/>\n<meta property=\"article:modified_time\" content=\"2022-06-28T09:02:01+00:00\" \/>\n<meta property=\"og:image\" content=\"https:\/\/sefiro.de\/wp-content\/uploads\/2019\/08\/NGO-und-Testinstitution.jpg\" \/>\n\t<meta property=\"og:image:width\" content=\"2362\" \/>\n\t<meta property=\"og:image:height\" content=\"793\" \/>\n\t<meta property=\"og:image:type\" content=\"image\/jpeg\" \/>\n<meta name=\"author\" content=\"Julia Rau\" \/>\n<meta name=\"twitter:card\" content=\"summary_large_image\" \/>\n<meta name=\"twitter:label1\" content=\"Written by\" \/>\n\t<meta name=\"twitter:data1\" content=\"Julia Rau\" \/>\n\t<meta name=\"twitter:label2\" content=\"Estimated reading time\" \/>\n\t<meta name=\"twitter:data2\" content=\"1 minute\" \/>\n<script type=\"application\/ld+json\" class=\"yoast-schema-graph\">{\"@context\":\"https:\/\/schema.org\",\"@graph\":[{\"@type\":\"Article\",\"@id\":\"https:\/\/sefiro.de\/2022\/06\/10\/durchfuehrungsbeschluss-eu-2022-907-registrierung-der-europaeischen-buergerinitiative-good-clothes-fair-pay-gefasst-am-1-juni-2022\/#article\",\"isPartOf\":{\"@id\":\"https:\/\/sefiro.de\/2022\/06\/10\/durchfuehrungsbeschluss-eu-2022-907-registrierung-der-europaeischen-buergerinitiative-good-clothes-fair-pay-gefasst-am-1-juni-2022\/\"},\"author\":{\"name\":\"Julia Rau\",\"@id\":\"https:\/\/sefiro.de\/#\/schema\/person\/8fae18c4eb743ab18f99d206493eb009\"},\"headline\":\"Durchf\u00fchrungsbeschluss (EU) 2022\/907 \u2013 Registrierung der Europ\u00e4ischen B\u00fcrgerinitiative \u201eGood Clothes, Fair Pay\u201c, gefasst am 1. Juni 2022\",\"datePublished\":\"2022-06-10T08:57:00+00:00\",\"dateModified\":\"2022-06-28T09:02:01+00:00\",\"mainEntityOfPage\":{\"@id\":\"https:\/\/sefiro.de\/2022\/06\/10\/durchfuehrungsbeschluss-eu-2022-907-registrierung-der-europaeischen-buergerinitiative-good-clothes-fair-pay-gefasst-am-1-juni-2022\/\"},\"wordCount\":177,\"publisher\":{\"@id\":\"https:\/\/sefiro.de\/#organization\"},\"articleSection\":[\"NGO\u00b4S &amp; Testinstitutionen\"],\"inLanguage\":\"en-GB\"},{\"@type\":\"WebPage\",\"@id\":\"https:\/\/sefiro.de\/2022\/06\/10\/durchfuehrungsbeschluss-eu-2022-907-registrierung-der-europaeischen-buergerinitiative-good-clothes-fair-pay-gefasst-am-1-juni-2022\/\",\"url\":\"https:\/\/sefiro.de\/2022\/06\/10\/durchfuehrungsbeschluss-eu-2022-907-registrierung-der-europaeischen-buergerinitiative-good-clothes-fair-pay-gefasst-am-1-juni-2022\/\",\"name\":\"Durchf\u00fchrungsbeschluss (EU) 2022\/907 \u2013 Registrierung der Europ\u00e4ischen B\u00fcrgerinitiative \u201eGood Clothes, Fair Pay\u201c, gefasst am 1. Juni 2022 &ndash; SEFIRO GROUP\",\"isPartOf\":{\"@id\":\"https:\/\/sefiro.de\/#website\"},\"datePublished\":\"2022-06-10T08:57:00+00:00\",\"dateModified\":\"2022-06-28T09:02:01+00:00\",\"breadcrumb\":{\"@id\":\"https:\/\/sefiro.de\/2022\/06\/10\/durchfuehrungsbeschluss-eu-2022-907-registrierung-der-europaeischen-buergerinitiative-good-clothes-fair-pay-gefasst-am-1-juni-2022\/#breadcrumb\"},\"inLanguage\":\"en-GB\",\"potentialAction\":[{\"@type\":\"ReadAction\",\"target\":[\"https:\/\/sefiro.de\/2022\/06\/10\/durchfuehrungsbeschluss-eu-2022-907-registrierung-der-europaeischen-buergerinitiative-good-clothes-fair-pay-gefasst-am-1-juni-2022\/\"]}]},{\"@type\":\"BreadcrumbList\",\"@id\":\"https:\/\/sefiro.de\/2022\/06\/10\/durchfuehrungsbeschluss-eu-2022-907-registrierung-der-europaeischen-buergerinitiative-good-clothes-fair-pay-gefasst-am-1-juni-2022\/#breadcrumb\",\"itemListElement\":[{\"@type\":\"ListItem\",\"position\":1,\"name\":\"Home\",\"item\":\"https:\/\/sefiro.de\/\"},{\"@type\":\"ListItem\",\"position\":2,\"name\":\"Durchf\u00fchrungsbeschluss (EU) 2022\/907 \u2013 Registrierung der Europ\u00e4ischen B\u00fcrgerinitiative \u201eGood Clothes, Fair Pay\u201c, gefasst am 1. Juni 2022\"}]},{\"@type\":\"WebSite\",\"@id\":\"https:\/\/sefiro.de\/#website\",\"url\":\"https:\/\/sefiro.de\/\",\"name\":\"SEFIRO GROUP\",\"description\":\"Qualit\u00e4t und Sicherheit\",\"publisher\":{\"@id\":\"https:\/\/sefiro.de\/#organization\"},\"potentialAction\":[{\"@type\":\"SearchAction\",\"target\":{\"@type\":\"EntryPoint\",\"urlTemplate\":\"https:\/\/sefiro.de\/?s={search_term_string}\"},\"query-input\":\"required name=search_term_string\"}],\"inLanguage\":\"en-GB\"},{\"@type\":\"Organization\",\"@id\":\"https:\/\/sefiro.de\/#organization\",\"name\":\"SEFIRO GROUP\",\"url\":\"https:\/\/sefiro.de\/\",\"logo\":{\"@type\":\"ImageObject\",\"inLanguage\":\"en-GB\",\"@id\":\"https:\/\/sefiro.de\/#\/schema\/logo\/image\/\",\"url\":\"https:\/\/sefiro.de\/wp-content\/uploads\/2021\/04\/SEFIRO_Logo_Group_4C_Final_21-12_WEB.jpg\",\"contentUrl\":\"https:\/\/sefiro.de\/wp-content\/uploads\/2021\/04\/SEFIRO_Logo_Group_4C_Final_21-12_WEB.jpg\",\"width\":1012,\"height\":454,\"caption\":\"SEFIRO GROUP\"},\"image\":{\"@id\":\"https:\/\/sefiro.de\/#\/schema\/logo\/image\/\"}},{\"@type\":\"Person\",\"@id\":\"https:\/\/sefiro.de\/#\/schema\/person\/8fae18c4eb743ab18f99d206493eb009\",\"name\":\"Julia Rau\",\"image\":{\"@type\":\"ImageObject\",\"inLanguage\":\"en-GB\",\"@id\":\"https:\/\/sefiro.de\/#\/schema\/person\/image\/\",\"url\":\"https:\/\/secure.gravatar.com\/avatar\/07a2e132bd3c82222edbec571358df131f0a750ff3b5a6c1963d0a05db716d0e?s=96&d=mm&r=g\",\"contentUrl\":\"https:\/\/secure.gravatar.com\/avatar\/07a2e132bd3c82222edbec571358df131f0a750ff3b5a6c1963d0a05db716d0e?s=96&d=mm&r=g\",\"caption\":\"Julia Rau\"}}]}<\/script>\n<!-- \/ Yoast SEO plugin. -->","yoast_head_json":{"title":"Durchf\u00fchrungsbeschluss (EU) 2022\/907 \u2013 Registrierung der Europ\u00e4ischen B\u00fcrgerinitiative \u201eGood Clothes, Fair Pay\u201c, gefasst am 1. Juni 2022 &ndash; SEFIRO GROUP","robots":{"index":"index","follow":"follow","max-snippet":"max-snippet:-1","max-image-preview":"max-image-preview:large","max-video-preview":"max-video-preview:-1"},"canonical":"https:\/\/sefiro.de\/en\/2022\/06\/10\/durchfuehrungsbeschluss-eu-2022-907-registrierung-der-europaeischen-buergerinitiative-good-clothes-fair-pay-gefasst-am-1-juni-2022\/","og_locale":"en_GB","og_type":"article","og_title":"Durchf\u00fchrungsbeschluss (EU) 2022\/907 \u2013 Registrierung der Europ\u00e4ischen B\u00fcrgerinitiative \u201eGood Clothes, Fair Pay\u201c, gefasst am 1. Juni 2022 &ndash; SEFIRO GROUP","og_description":"Die Organisatoren der Initiative fordern einen Rechtsanspruch auf existenzsichernde L\u00f6hne in der Bekleidungs- und Schuhindustrie, zu dem sie einen Richtlinien-Entwurf vorgelegt haben. Die Organisatoren sch\u00e4tzen, dass in der Branche 70 \u2013 80 % der Besch\u00e4ftigten weiblich sein m\u00f6gen. Die M\u00f6glichkeiten zur Verlagerung von Produktionsst\u00e4tten scheinen aggressives Verhalten bei K\u00e4ufern zu beg\u00fcnstigen. Weiter beeinflussen kurzweilige Modetrends &hellip; Durchf\u00fchrungsbeschluss (EU) 2022\/907 \u2013 Registrierung der Europ\u00e4ischen B\u00fcrgerinitiative \u201eGood Clothes, Fair Pay\u201c, gefasst am 1. Juni 2022 Read More &raquo;","og_url":"https:\/\/sefiro.de\/en\/2022\/06\/10\/durchfuehrungsbeschluss-eu-2022-907-registrierung-der-europaeischen-buergerinitiative-good-clothes-fair-pay-gefasst-am-1-juni-2022\/","og_site_name":"SEFIRO GROUP","article_published_time":"2022-06-10T08:57:00+00:00","article_modified_time":"2022-06-28T09:02:01+00:00","og_image":[{"width":2362,"height":793,"url":"https:\/\/sefiro.de\/wp-content\/uploads\/2019\/08\/NGO-und-Testinstitution.jpg","type":"image\/jpeg"}],"author":"Julia Rau","twitter_card":"summary_large_image","twitter_misc":{"Written by":"Julia Rau","Estimated reading time":"1 minute"},"schema":{"@context":"https:\/\/schema.org","@graph":[{"@type":"Article","@id":"https:\/\/sefiro.de\/2022\/06\/10\/durchfuehrungsbeschluss-eu-2022-907-registrierung-der-europaeischen-buergerinitiative-good-clothes-fair-pay-gefasst-am-1-juni-2022\/#article","isPartOf":{"@id":"https:\/\/sefiro.de\/2022\/06\/10\/durchfuehrungsbeschluss-eu-2022-907-registrierung-der-europaeischen-buergerinitiative-good-clothes-fair-pay-gefasst-am-1-juni-2022\/"},"author":{"name":"Julia Rau","@id":"https:\/\/sefiro.de\/#\/schema\/person\/8fae18c4eb743ab18f99d206493eb009"},"headline":"Durchf\u00fchrungsbeschluss (EU) 2022\/907 \u2013 Registrierung der Europ\u00e4ischen B\u00fcrgerinitiative \u201eGood Clothes, Fair Pay\u201c, gefasst am 1. Juni 2022","datePublished":"2022-06-10T08:57:00+00:00","dateModified":"2022-06-28T09:02:01+00:00","mainEntityOfPage":{"@id":"https:\/\/sefiro.de\/2022\/06\/10\/durchfuehrungsbeschluss-eu-2022-907-registrierung-der-europaeischen-buergerinitiative-good-clothes-fair-pay-gefasst-am-1-juni-2022\/"},"wordCount":177,"publisher":{"@id":"https:\/\/sefiro.de\/#organization"},"articleSection":["NGO\u00b4S &amp; Testinstitutionen"],"inLanguage":"en-GB"},{"@type":"WebPage","@id":"https:\/\/sefiro.de\/2022\/06\/10\/durchfuehrungsbeschluss-eu-2022-907-registrierung-der-europaeischen-buergerinitiative-good-clothes-fair-pay-gefasst-am-1-juni-2022\/","url":"https:\/\/sefiro.de\/2022\/06\/10\/durchfuehrungsbeschluss-eu-2022-907-registrierung-der-europaeischen-buergerinitiative-good-clothes-fair-pay-gefasst-am-1-juni-2022\/","name":"Durchf\u00fchrungsbeschluss (EU) 2022\/907 \u2013 Registrierung der Europ\u00e4ischen B\u00fcrgerinitiative \u201eGood Clothes, Fair Pay\u201c, gefasst am 1. Juni 2022 &ndash; SEFIRO GROUP","isPartOf":{"@id":"https:\/\/sefiro.de\/#website"},"datePublished":"2022-06-10T08:57:00+00:00","dateModified":"2022-06-28T09:02:01+00:00","breadcrumb":{"@id":"https:\/\/sefiro.de\/2022\/06\/10\/durchfuehrungsbeschluss-eu-2022-907-registrierung-der-europaeischen-buergerinitiative-good-clothes-fair-pay-gefasst-am-1-juni-2022\/#breadcrumb"},"inLanguage":"en-GB","potentialAction":[{"@type":"ReadAction","target":["https:\/\/sefiro.de\/2022\/06\/10\/durchfuehrungsbeschluss-eu-2022-907-registrierung-der-europaeischen-buergerinitiative-good-clothes-fair-pay-gefasst-am-1-juni-2022\/"]}]},{"@type":"BreadcrumbList","@id":"https:\/\/sefiro.de\/2022\/06\/10\/durchfuehrungsbeschluss-eu-2022-907-registrierung-der-europaeischen-buergerinitiative-good-clothes-fair-pay-gefasst-am-1-juni-2022\/#breadcrumb","itemListElement":[{"@type":"ListItem","position":1,"name":"Home","item":"https:\/\/sefiro.de\/"},{"@type":"ListItem","position":2,"name":"Durchf\u00fchrungsbeschluss (EU) 2022\/907 \u2013 Registrierung der Europ\u00e4ischen B\u00fcrgerinitiative \u201eGood Clothes, Fair Pay\u201c, gefasst am 1. Juni 2022"}]},{"@type":"WebSite","@id":"https:\/\/sefiro.de\/#website","url":"https:\/\/sefiro.de\/","name":"SEFIRO GROUP","description":"Qualit\u00e4t und Sicherheit","publisher":{"@id":"https:\/\/sefiro.de\/#organization"},"potentialAction":[{"@type":"SearchAction","target":{"@type":"EntryPoint","urlTemplate":"https:\/\/sefiro.de\/?s={search_term_string}"},"query-input":"required name=search_term_string"}],"inLanguage":"en-GB"},{"@type":"Organization","@id":"https:\/\/sefiro.de\/#organization","name":"SEFIRO GROUP","url":"https:\/\/sefiro.de\/","logo":{"@type":"ImageObject","inLanguage":"en-GB","@id":"https:\/\/sefiro.de\/#\/schema\/logo\/image\/","url":"https:\/\/sefiro.de\/wp-content\/uploads\/2021\/04\/SEFIRO_Logo_Group_4C_Final_21-12_WEB.jpg","contentUrl":"https:\/\/sefiro.de\/wp-content\/uploads\/2021\/04\/SEFIRO_Logo_Group_4C_Final_21-12_WEB.jpg","width":1012,"height":454,"caption":"SEFIRO GROUP"},"image":{"@id":"https:\/\/sefiro.de\/#\/schema\/logo\/image\/"}},{"@type":"Person","@id":"https:\/\/sefiro.de\/#\/schema\/person\/8fae18c4eb743ab18f99d206493eb009","name":"Julia Rau","image":{"@type":"ImageObject","inLanguage":"en-GB","@id":"https:\/\/sefiro.de\/#\/schema\/person\/image\/","url":"https:\/\/secure.gravatar.com\/avatar\/07a2e132bd3c82222edbec571358df131f0a750ff3b5a6c1963d0a05db716d0e?s=96&d=mm&r=g","contentUrl":"https:\/\/secure.gravatar.com\/avatar\/07a2e132bd3c82222edbec571358df131f0a750ff3b5a6c1963d0a05db716d0e?s=96&d=mm&r=g","caption":"Julia Rau"}}]}},"jetpack_featured_media_url":"https:\/\/sefiro.de\/wp-content\/uploads\/2019\/08\/NGO-und-Testinstitution.jpg","_links":{"self":[{"href":"https:\/\/sefiro.de\/en\/wp-json\/wp\/v2\/posts\/4711","targetHints":{"allow":["GET"]}}],"collection":[{"href":"https:\/\/sefiro.de\/en\/wp-json\/wp\/v2\/posts"}],"about":[{"href":"https:\/\/sefiro.de\/en\/wp-json\/wp\/v2\/types\/post"}],"author":[{"embeddable":true,"href":"https:\/\/sefiro.de\/en\/wp-json\/wp\/v2\/users\/3"}],"replies":[{"embeddable":true,"href":"https:\/\/sefiro.de\/en\/wp-json\/wp\/v2\/comments?post=4711"}],"version-history":[{"count":7,"href":"https:\/\/sefiro.de\/en\/wp-json\/wp\/v2\/posts\/4711\/revisions"}],"predecessor-version":[{"id":4720,"href":"https:\/\/sefiro.de\/en\/wp-json\/wp\/v2\/posts\/4711\/revisions\/4720"}],"wp:featuredmedia":[{"embeddable":true,"href":"https:\/\/sefiro.de\/en\/wp-json\/wp\/v2\/media\/2786"}],"wp:attachment":[{"href":"https:\/\/sefiro.de\/en\/wp-json\/wp\/v2\/media?parent=4711"}],"wp:term":[{"taxonomy":"category","embeddable":true,"href":"https:\/\/sefiro.de\/en\/wp-json\/wp\/v2\/categories?post=4711"},{"taxonomy":"post_tag","embeddable":true,"href":"https:\/\/sefiro.de\/en\/wp-json\/wp\/v2\/tags?post=4711"}],"curies":[{"name":"wp","href":"https:\/\/api.w.org\/{rel}","templated":true}]}}