{"id":4721,"date":"2022-06-08T11:02:00","date_gmt":"2022-06-08T09:02:00","guid":{"rendered":"https:\/\/sefiro.de\/?p=4721"},"modified":"2022-06-28T11:05:54","modified_gmt":"2022-06-28T09:05:54","slug":"europaeische-strategie-fuer-kritische-rohstoffe-entschliessung-des-eu-parlaments-angenommen-am-24-november-2021","status":"publish","type":"post","link":"https:\/\/sefiro.de\/en\/2022\/06\/08\/europaeische-strategie-fuer-kritische-rohstoffe-entschliessung-des-eu-parlaments-angenommen-am-24-november-2021\/","title":{"rendered":"Europ\u00e4ische Strategie f\u00fcr kritische Rohstoffe \u2013 Entschlie\u00dfung des EU-Parlaments, angenommen am 24. November 2021"},"content":{"rendered":"<div data-elementor-type=\"wp-post\" data-elementor-id=\"4721\" class=\"elementor elementor-4721\">\n\t\t\t\t\t\t\t\t\t<section class=\"elementor-section elementor-top-section elementor-element elementor-element-e0274f9 elementor-section-boxed elementor-section-height-default elementor-section-height-default\" data-id=\"e0274f9\" data-element_type=\"section\">\n\t\t\t\t\t\t<div class=\"elementor-container elementor-column-gap-default\">\n\t\t\t\t\t<div class=\"elementor-column elementor-col-100 elementor-top-column elementor-element elementor-element-2873dd03\" data-id=\"2873dd03\" data-element_type=\"column\">\n\t\t\t<div class=\"elementor-widget-wrap elementor-element-populated\">\n\t\t\t\t\t\t\t\t<div class=\"elementor-element elementor-element-59d1db9a elementor-widget elementor-widget-text-editor\" data-id=\"59d1db9a\" data-element_type=\"widget\" data-widget_type=\"text-editor.default\">\n\t\t\t\t<div class=\"elementor-widget-container\">\n\t\t\t\t\t\t\t<p><!-- wp:paragraph --><\/p><p><strong>Kritische Rohstoffe als Quelle der industriellen Wertsch\u00f6pfung sind von strategischer Bedeutung.<\/strong><\/p><p>Die Versorgung mit kritischen Rohstoffen ist stark auf L\u00e4nder au\u00dferhalb der EU konzentriert, wobei der EU-Bedarf an Seltenerdmetallen zu 98 % von China, an Borat zu 98 % von der T\u00fcrkei sowie an Platin zu 71 %, an Iridium zu 92 %, an Rhodium zu 80 % und an Ruthenium zu 93 % von S\u00fcdafrika gedeckt wird.<\/p><p>In der EU werden derzeit 1 % der Rohstoffe f\u00fcr Windenergieanlagen, weniger als 1 % der Lithium-Batterien, weniger als 1 % der Brennstoffzellen, 2% der f\u00fcr Robotik relevanten Rohstoffe, 1 % der Silizium-Photovoltaik-Baugruppen gewonnen und hergestellt.<\/p><p>Erforderlich seien Produktgestaltungsbestimmungen, zugeschnitten auf unterschiedliche Produktkategorien, damit Teile oder Komponenten, die kritische Rohstoffe enthalten \u2013 insbesondere im Verbraucherabfall \u2013 problemlos identifiziert und ausgebaut werden k\u00f6nnen. Weiter seien \u00d6kodesignanforderungen festzulegen, mit denen die Langlebigkeit, Haltbarkeit, Reparierbarkeit, Modularit\u00e4t, Wiederverwendbarkeit und Rezyklierbarkeit von Altprodukten, die in der EU hergestellt oder verkauft wurden, deutlich verbessert werden kann.<\/p><p><strong>Mehr Informationen:<\/strong><\/p><p><a href=\"https:\/\/eur-lex.europa.eu\/legal-content\/DE\/TXT\/PDF\/?uri=CELEX:52021IP0468&amp;from=DE\" target=\"_blank\" rel=\"noopener\"><em>https:\/\/eur-lex.europa.eu\/legal-content\/DE\/TXT\/PDF\/?uri=CELEX:52021IP0468&amp;from=DE<\/em><\/a><\/p><p><a href=\"https:\/\/www.europarl.europa.eu\/doceo\/document\/TA-9-2022-0077_DE.pdf\" target=\"_blank\" rel=\"noopener\"><em>https:\/\/www.europarl.europa.eu\/doceo\/document\/TA-9-2022-0077_DE.pdf<\/em><\/a><\/p><p><em><br \/><\/em><a href=\"https:\/\/data.consilium.europa.eu\/doc\/document\/ST-7103-2022-REV-1\/de\/pdf\" target=\"_blank\" rel=\"noopener\"><em>https:\/\/data.consilium.europa.eu\/doc\/document\/ST-7103-2022-REV-1\/de\/pdf<\/em><\/a><\/p><p><strong>\u00a0<\/strong><\/p><p><em>\u00a0<\/em><\/p><p><!-- \/wp:paragraph --><!-- wp:paragraph --><!-- \/wp:paragraph --><\/p>\t\t\t\t\t\t<\/div>\n\t\t\t\t<\/div>\n\t\t\t\t\t<\/div>\n\t\t<\/div>\n\t\t\t\t\t\t\t<\/div>\n\t\t<\/section>\n\t\t\t\t<section class=\"elementor-section elementor-top-section elementor-element elementor-element-6b1168f3 elementor-section-boxed elementor-section-height-default elementor-section-height-default\" data-id=\"6b1168f3\" data-element_type=\"section\">\n\t\t\t\t\t\t<div class=\"elementor-container elementor-column-gap-default\">\n\t\t\t\t\t<div class=\"elementor-column elementor-col-100 elementor-top-column elementor-element elementor-element-231cd320\" data-id=\"231cd320\" data-element_type=\"column\">\n\t\t\t<div class=\"elementor-widget-wrap elementor-element-populated\">\n\t\t\t\t\t\t\t\t<div class=\"elementor-element elementor-element-657fbce7 elementor-align-right elementor-widget elementor-widget-button\" data-id=\"657fbce7\" data-element_type=\"widget\" data-widget_type=\"button.default\">\n\t\t\t\t<div class=\"elementor-widget-container\">\n\t\t\t\t\t<div class=\"elementor-button-wrapper\">\n\t\t\t<a href=\"https:\/\/sefiro.de\/en\/news\/\" class=\"elementor-button-link elementor-button elementor-size-sm\" role=\"button\">\n\t\t\t\t\t\t<span class=\"elementor-button-content-wrapper\">\n\t\t\t\t\t\t<span class=\"elementor-button-text\">Back to the overview<\/span>\n\t\t<\/span>\n\t\t\t\t\t<\/a>\n\t\t<\/div>\n\t\t\t\t<\/div>\n\t\t\t\t<\/div>\n\t\t\t\t\t<\/div>\n\t\t<\/div>\n\t\t\t\t\t\t\t<\/div>\n\t\t<\/section>\n\t\t\t\t\t\t\t<\/div>","protected":false},"excerpt":{"rendered":"<p>Kritische Rohstoffe als Quelle der industriellen Wertsch\u00f6pfung sind von strategischer Bedeutung. Die Versorgung mit kritischen Rohstoffen ist stark auf L\u00e4nder au\u00dferhalb der EU konzentriert, wobei der EU-Bedarf an Seltenerdmetallen zu 98 % von China, an Borat zu 98 % von der T\u00fcrkei sowie an Platin zu 71 %, an Iridium zu 92 %, an Rhodium &hellip;<\/p>\n<p class=\"read-more\"> <a class=\"\" href=\"https:\/\/sefiro.de\/en\/2022\/06\/08\/europaeische-strategie-fuer-kritische-rohstoffe-entschliessung-des-eu-parlaments-angenommen-am-24-november-2021\/\"> <span class=\"screen-reader-text\">Europ\u00e4ische Strategie f\u00fcr kritische Rohstoffe \u2013 Entschlie\u00dfung des EU-Parlaments, angenommen am 24. November 2021<\/span> Read More &raquo;<\/a><\/p>","protected":false},"author":3,"featured_media":2376,"comment_status":"closed","ping_status":"closed","sticky":false,"template":"","format":"standard","meta":{"footnotes":""},"categories":[110],"tags":[],"class_list":["post-4721","post","type-post","status-publish","format-standard","has-post-thumbnail","hentry","category-news-nachhaltigkeit-konsumgueter"],"yoast_head":"<!-- This site is optimized with the Yoast SEO plugin v20.7 - https:\/\/yoast.com\/wordpress\/plugins\/seo\/ -->\n<title>Europ\u00e4ische Strategie f\u00fcr kritische Rohstoffe \u2013 Entschlie\u00dfung des EU-Parlaments, angenommen am 24. November 2021 &ndash; SEFIRO GROUP<\/title>\n<meta name=\"robots\" content=\"index, follow, max-snippet:-1, max-image-preview:large, max-video-preview:-1\" \/>\n<link rel=\"canonical\" href=\"https:\/\/sefiro.de\/en\/2022\/06\/08\/europaeische-strategie-fuer-kritische-rohstoffe-entschliessung-des-eu-parlaments-angenommen-am-24-november-2021\/\" \/>\n<meta property=\"og:locale\" content=\"en_GB\" \/>\n<meta property=\"og:type\" content=\"article\" \/>\n<meta property=\"og:title\" content=\"Europ\u00e4ische Strategie f\u00fcr kritische Rohstoffe \u2013 Entschlie\u00dfung des EU-Parlaments, angenommen am 24. November 2021 &ndash; SEFIRO GROUP\" \/>\n<meta property=\"og:description\" content=\"Kritische Rohstoffe als Quelle der industriellen Wertsch\u00f6pfung sind von strategischer Bedeutung. Die Versorgung mit kritischen Rohstoffen ist stark auf L\u00e4nder au\u00dferhalb der EU konzentriert, wobei der EU-Bedarf an Seltenerdmetallen zu 98 % von China, an Borat zu 98 % von der T\u00fcrkei sowie an Platin zu 71 %, an Iridium zu 92 %, an Rhodium &hellip; Europ\u00e4ische Strategie f\u00fcr kritische Rohstoffe \u2013 Entschlie\u00dfung des EU-Parlaments, angenommen am 24. November 2021 Read More &raquo;\" \/>\n<meta property=\"og:url\" content=\"https:\/\/sefiro.de\/en\/2022\/06\/08\/europaeische-strategie-fuer-kritische-rohstoffe-entschliessung-des-eu-parlaments-angenommen-am-24-november-2021\/\" \/>\n<meta property=\"og:site_name\" content=\"SEFIRO GROUP\" \/>\n<meta property=\"article:published_time\" content=\"2022-06-08T09:02:00+00:00\" \/>\n<meta property=\"article:modified_time\" content=\"2022-06-28T09:05:54+00:00\" \/>\n<meta property=\"og:image\" content=\"https:\/\/sefiro.de\/wp-content\/uploads\/2021\/07\/meadow-4485609_1920.jpg\" \/>\n\t<meta property=\"og:image:width\" content=\"1920\" \/>\n\t<meta property=\"og:image:height\" content=\"1280\" \/>\n\t<meta property=\"og:image:type\" content=\"image\/jpeg\" \/>\n<meta name=\"author\" content=\"Julia Rau\" \/>\n<meta name=\"twitter:card\" content=\"summary_large_image\" \/>\n<meta name=\"twitter:label1\" content=\"Written by\" \/>\n\t<meta name=\"twitter:data1\" content=\"Julia Rau\" \/>\n\t<meta name=\"twitter:label2\" content=\"Estimated reading time\" \/>\n\t<meta name=\"twitter:data2\" content=\"1 minute\" \/>\n<script type=\"application\/ld+json\" class=\"yoast-schema-graph\">{\"@context\":\"https:\/\/schema.org\",\"@graph\":[{\"@type\":\"Article\",\"@id\":\"https:\/\/sefiro.de\/2022\/06\/08\/europaeische-strategie-fuer-kritische-rohstoffe-entschliessung-des-eu-parlaments-angenommen-am-24-november-2021\/#article\",\"isPartOf\":{\"@id\":\"https:\/\/sefiro.de\/2022\/06\/08\/europaeische-strategie-fuer-kritische-rohstoffe-entschliessung-des-eu-parlaments-angenommen-am-24-november-2021\/\"},\"author\":{\"name\":\"Julia Rau\",\"@id\":\"https:\/\/sefiro.de\/#\/schema\/person\/8fae18c4eb743ab18f99d206493eb009\"},\"headline\":\"Europ\u00e4ische Strategie f\u00fcr kritische Rohstoffe \u2013 Entschlie\u00dfung des EU-Parlaments, angenommen am 24. November 2021\",\"datePublished\":\"2022-06-08T09:02:00+00:00\",\"dateModified\":\"2022-06-28T09:05:54+00:00\",\"mainEntityOfPage\":{\"@id\":\"https:\/\/sefiro.de\/2022\/06\/08\/europaeische-strategie-fuer-kritische-rohstoffe-entschliessung-des-eu-parlaments-angenommen-am-24-november-2021\/\"},\"wordCount\":202,\"publisher\":{\"@id\":\"https:\/\/sefiro.de\/#organization\"},\"articleSection\":[\"Nachhaltigkeit Konsumg\u00fcter\"],\"inLanguage\":\"en-GB\"},{\"@type\":\"WebPage\",\"@id\":\"https:\/\/sefiro.de\/2022\/06\/08\/europaeische-strategie-fuer-kritische-rohstoffe-entschliessung-des-eu-parlaments-angenommen-am-24-november-2021\/\",\"url\":\"https:\/\/sefiro.de\/2022\/06\/08\/europaeische-strategie-fuer-kritische-rohstoffe-entschliessung-des-eu-parlaments-angenommen-am-24-november-2021\/\",\"name\":\"Europ\u00e4ische Strategie f\u00fcr kritische Rohstoffe \u2013 Entschlie\u00dfung des EU-Parlaments, angenommen am 24. November 2021 &ndash; SEFIRO GROUP\",\"isPartOf\":{\"@id\":\"https:\/\/sefiro.de\/#website\"},\"datePublished\":\"2022-06-08T09:02:00+00:00\",\"dateModified\":\"2022-06-28T09:05:54+00:00\",\"breadcrumb\":{\"@id\":\"https:\/\/sefiro.de\/2022\/06\/08\/europaeische-strategie-fuer-kritische-rohstoffe-entschliessung-des-eu-parlaments-angenommen-am-24-november-2021\/#breadcrumb\"},\"inLanguage\":\"en-GB\",\"potentialAction\":[{\"@type\":\"ReadAction\",\"target\":[\"https:\/\/sefiro.de\/2022\/06\/08\/europaeische-strategie-fuer-kritische-rohstoffe-entschliessung-des-eu-parlaments-angenommen-am-24-november-2021\/\"]}]},{\"@type\":\"BreadcrumbList\",\"@id\":\"https:\/\/sefiro.de\/2022\/06\/08\/europaeische-strategie-fuer-kritische-rohstoffe-entschliessung-des-eu-parlaments-angenommen-am-24-november-2021\/#breadcrumb\",\"itemListElement\":[{\"@type\":\"ListItem\",\"position\":1,\"name\":\"Home\",\"item\":\"https:\/\/sefiro.de\/\"},{\"@type\":\"ListItem\",\"position\":2,\"name\":\"Europ\u00e4ische Strategie f\u00fcr kritische Rohstoffe \u2013 Entschlie\u00dfung des EU-Parlaments, angenommen am 24. November 2021\"}]},{\"@type\":\"WebSite\",\"@id\":\"https:\/\/sefiro.de\/#website\",\"url\":\"https:\/\/sefiro.de\/\",\"name\":\"SEFIRO GROUP\",\"description\":\"Qualit\u00e4t und Sicherheit\",\"publisher\":{\"@id\":\"https:\/\/sefiro.de\/#organization\"},\"potentialAction\":[{\"@type\":\"SearchAction\",\"target\":{\"@type\":\"EntryPoint\",\"urlTemplate\":\"https:\/\/sefiro.de\/?s={search_term_string}\"},\"query-input\":\"required name=search_term_string\"}],\"inLanguage\":\"en-GB\"},{\"@type\":\"Organization\",\"@id\":\"https:\/\/sefiro.de\/#organization\",\"name\":\"SEFIRO GROUP\",\"url\":\"https:\/\/sefiro.de\/\",\"logo\":{\"@type\":\"ImageObject\",\"inLanguage\":\"en-GB\",\"@id\":\"https:\/\/sefiro.de\/#\/schema\/logo\/image\/\",\"url\":\"https:\/\/sefiro.de\/wp-content\/uploads\/2021\/04\/SEFIRO_Logo_Group_4C_Final_21-12_WEB.jpg\",\"contentUrl\":\"https:\/\/sefiro.de\/wp-content\/uploads\/2021\/04\/SEFIRO_Logo_Group_4C_Final_21-12_WEB.jpg\",\"width\":1012,\"height\":454,\"caption\":\"SEFIRO GROUP\"},\"image\":{\"@id\":\"https:\/\/sefiro.de\/#\/schema\/logo\/image\/\"}},{\"@type\":\"Person\",\"@id\":\"https:\/\/sefiro.de\/#\/schema\/person\/8fae18c4eb743ab18f99d206493eb009\",\"name\":\"Julia Rau\",\"image\":{\"@type\":\"ImageObject\",\"inLanguage\":\"en-GB\",\"@id\":\"https:\/\/sefiro.de\/#\/schema\/person\/image\/\",\"url\":\"https:\/\/secure.gravatar.com\/avatar\/07a2e132bd3c82222edbec571358df131f0a750ff3b5a6c1963d0a05db716d0e?s=96&d=mm&r=g\",\"contentUrl\":\"https:\/\/secure.gravatar.com\/avatar\/07a2e132bd3c82222edbec571358df131f0a750ff3b5a6c1963d0a05db716d0e?s=96&d=mm&r=g\",\"caption\":\"Julia Rau\"}}]}<\/script>\n<!-- \/ Yoast SEO plugin. -->","yoast_head_json":{"title":"Europ\u00e4ische Strategie f\u00fcr kritische Rohstoffe \u2013 Entschlie\u00dfung des EU-Parlaments, angenommen am 24. November 2021 &ndash; SEFIRO GROUP","robots":{"index":"index","follow":"follow","max-snippet":"max-snippet:-1","max-image-preview":"max-image-preview:large","max-video-preview":"max-video-preview:-1"},"canonical":"https:\/\/sefiro.de\/en\/2022\/06\/08\/europaeische-strategie-fuer-kritische-rohstoffe-entschliessung-des-eu-parlaments-angenommen-am-24-november-2021\/","og_locale":"en_GB","og_type":"article","og_title":"Europ\u00e4ische Strategie f\u00fcr kritische Rohstoffe \u2013 Entschlie\u00dfung des EU-Parlaments, angenommen am 24. November 2021 &ndash; SEFIRO GROUP","og_description":"Kritische Rohstoffe als Quelle der industriellen Wertsch\u00f6pfung sind von strategischer Bedeutung. Die Versorgung mit kritischen Rohstoffen ist stark auf L\u00e4nder au\u00dferhalb der EU konzentriert, wobei der EU-Bedarf an Seltenerdmetallen zu 98 % von China, an Borat zu 98 % von der T\u00fcrkei sowie an Platin zu 71 %, an Iridium zu 92 %, an Rhodium &hellip; Europ\u00e4ische Strategie f\u00fcr kritische Rohstoffe \u2013 Entschlie\u00dfung des EU-Parlaments, angenommen am 24. November 2021 Read More &raquo;","og_url":"https:\/\/sefiro.de\/en\/2022\/06\/08\/europaeische-strategie-fuer-kritische-rohstoffe-entschliessung-des-eu-parlaments-angenommen-am-24-november-2021\/","og_site_name":"SEFIRO GROUP","article_published_time":"2022-06-08T09:02:00+00:00","article_modified_time":"2022-06-28T09:05:54+00:00","og_image":[{"width":1920,"height":1280,"url":"https:\/\/sefiro.de\/wp-content\/uploads\/2021\/07\/meadow-4485609_1920.jpg","type":"image\/jpeg"}],"author":"Julia Rau","twitter_card":"summary_large_image","twitter_misc":{"Written by":"Julia Rau","Estimated reading time":"1 minute"},"schema":{"@context":"https:\/\/schema.org","@graph":[{"@type":"Article","@id":"https:\/\/sefiro.de\/2022\/06\/08\/europaeische-strategie-fuer-kritische-rohstoffe-entschliessung-des-eu-parlaments-angenommen-am-24-november-2021\/#article","isPartOf":{"@id":"https:\/\/sefiro.de\/2022\/06\/08\/europaeische-strategie-fuer-kritische-rohstoffe-entschliessung-des-eu-parlaments-angenommen-am-24-november-2021\/"},"author":{"name":"Julia Rau","@id":"https:\/\/sefiro.de\/#\/schema\/person\/8fae18c4eb743ab18f99d206493eb009"},"headline":"Europ\u00e4ische Strategie f\u00fcr kritische Rohstoffe \u2013 Entschlie\u00dfung des EU-Parlaments, angenommen am 24. November 2021","datePublished":"2022-06-08T09:02:00+00:00","dateModified":"2022-06-28T09:05:54+00:00","mainEntityOfPage":{"@id":"https:\/\/sefiro.de\/2022\/06\/08\/europaeische-strategie-fuer-kritische-rohstoffe-entschliessung-des-eu-parlaments-angenommen-am-24-november-2021\/"},"wordCount":202,"publisher":{"@id":"https:\/\/sefiro.de\/#organization"},"articleSection":["Nachhaltigkeit Konsumg\u00fcter"],"inLanguage":"en-GB"},{"@type":"WebPage","@id":"https:\/\/sefiro.de\/2022\/06\/08\/europaeische-strategie-fuer-kritische-rohstoffe-entschliessung-des-eu-parlaments-angenommen-am-24-november-2021\/","url":"https:\/\/sefiro.de\/2022\/06\/08\/europaeische-strategie-fuer-kritische-rohstoffe-entschliessung-des-eu-parlaments-angenommen-am-24-november-2021\/","name":"Europ\u00e4ische Strategie f\u00fcr kritische Rohstoffe \u2013 Entschlie\u00dfung des EU-Parlaments, angenommen am 24. November 2021 &ndash; SEFIRO GROUP","isPartOf":{"@id":"https:\/\/sefiro.de\/#website"},"datePublished":"2022-06-08T09:02:00+00:00","dateModified":"2022-06-28T09:05:54+00:00","breadcrumb":{"@id":"https:\/\/sefiro.de\/2022\/06\/08\/europaeische-strategie-fuer-kritische-rohstoffe-entschliessung-des-eu-parlaments-angenommen-am-24-november-2021\/#breadcrumb"},"inLanguage":"en-GB","potentialAction":[{"@type":"ReadAction","target":["https:\/\/sefiro.de\/2022\/06\/08\/europaeische-strategie-fuer-kritische-rohstoffe-entschliessung-des-eu-parlaments-angenommen-am-24-november-2021\/"]}]},{"@type":"BreadcrumbList","@id":"https:\/\/sefiro.de\/2022\/06\/08\/europaeische-strategie-fuer-kritische-rohstoffe-entschliessung-des-eu-parlaments-angenommen-am-24-november-2021\/#breadcrumb","itemListElement":[{"@type":"ListItem","position":1,"name":"Home","item":"https:\/\/sefiro.de\/"},{"@type":"ListItem","position":2,"name":"Europ\u00e4ische Strategie f\u00fcr kritische Rohstoffe \u2013 Entschlie\u00dfung des EU-Parlaments, angenommen am 24. November 2021"}]},{"@type":"WebSite","@id":"https:\/\/sefiro.de\/#website","url":"https:\/\/sefiro.de\/","name":"SEFIRO GROUP","description":"Qualit\u00e4t und Sicherheit","publisher":{"@id":"https:\/\/sefiro.de\/#organization"},"potentialAction":[{"@type":"SearchAction","target":{"@type":"EntryPoint","urlTemplate":"https:\/\/sefiro.de\/?s={search_term_string}"},"query-input":"required name=search_term_string"}],"inLanguage":"en-GB"},{"@type":"Organization","@id":"https:\/\/sefiro.de\/#organization","name":"SEFIRO GROUP","url":"https:\/\/sefiro.de\/","logo":{"@type":"ImageObject","inLanguage":"en-GB","@id":"https:\/\/sefiro.de\/#\/schema\/logo\/image\/","url":"https:\/\/sefiro.de\/wp-content\/uploads\/2021\/04\/SEFIRO_Logo_Group_4C_Final_21-12_WEB.jpg","contentUrl":"https:\/\/sefiro.de\/wp-content\/uploads\/2021\/04\/SEFIRO_Logo_Group_4C_Final_21-12_WEB.jpg","width":1012,"height":454,"caption":"SEFIRO GROUP"},"image":{"@id":"https:\/\/sefiro.de\/#\/schema\/logo\/image\/"}},{"@type":"Person","@id":"https:\/\/sefiro.de\/#\/schema\/person\/8fae18c4eb743ab18f99d206493eb009","name":"Julia Rau","image":{"@type":"ImageObject","inLanguage":"en-GB","@id":"https:\/\/sefiro.de\/#\/schema\/person\/image\/","url":"https:\/\/secure.gravatar.com\/avatar\/07a2e132bd3c82222edbec571358df131f0a750ff3b5a6c1963d0a05db716d0e?s=96&d=mm&r=g","contentUrl":"https:\/\/secure.gravatar.com\/avatar\/07a2e132bd3c82222edbec571358df131f0a750ff3b5a6c1963d0a05db716d0e?s=96&d=mm&r=g","caption":"Julia Rau"}}]}},"jetpack_featured_media_url":"https:\/\/sefiro.de\/wp-content\/uploads\/2021\/07\/meadow-4485609_1920.jpg","_links":{"self":[{"href":"https:\/\/sefiro.de\/en\/wp-json\/wp\/v2\/posts\/4721","targetHints":{"allow":["GET"]}}],"collection":[{"href":"https:\/\/sefiro.de\/en\/wp-json\/wp\/v2\/posts"}],"about":[{"href":"https:\/\/sefiro.de\/en\/wp-json\/wp\/v2\/types\/post"}],"author":[{"embeddable":true,"href":"https:\/\/sefiro.de\/en\/wp-json\/wp\/v2\/users\/3"}],"replies":[{"embeddable":true,"href":"https:\/\/sefiro.de\/en\/wp-json\/wp\/v2\/comments?post=4721"}],"version-history":[{"count":7,"href":"https:\/\/sefiro.de\/en\/wp-json\/wp\/v2\/posts\/4721\/revisions"}],"predecessor-version":[{"id":4729,"href":"https:\/\/sefiro.de\/en\/wp-json\/wp\/v2\/posts\/4721\/revisions\/4729"}],"wp:featuredmedia":[{"embeddable":true,"href":"https:\/\/sefiro.de\/en\/wp-json\/wp\/v2\/media\/2376"}],"wp:attachment":[{"href":"https:\/\/sefiro.de\/en\/wp-json\/wp\/v2\/media?parent=4721"}],"wp:term":[{"taxonomy":"category","embeddable":true,"href":"https:\/\/sefiro.de\/en\/wp-json\/wp\/v2\/categories?post=4721"},{"taxonomy":"post_tag","embeddable":true,"href":"https:\/\/sefiro.de\/en\/wp-json\/wp\/v2\/tags?post=4721"}],"curies":[{"name":"wp","href":"https:\/\/api.w.org\/{rel}","templated":true}]}}